
{"id":7591,"date":"2018-05-24T14:27:29","date_gmt":"2018-05-24T12:27:29","guid":{"rendered":"http:\/\/thebridge.test\/?p=7591"},"modified":"2018-08-15T13:08:39","modified_gmt":"2018-08-15T11:08:39","slug":"the-bridge-re-boot-camp-2018","status":"publish","type":"post","link":"https:\/\/thebridge.sk\/en\/the-bridge-re-boot-camp-2018\/","title":{"rendered":"the Bridge re-boot camp 2018"},"content":{"rendered":"<p><strong>PEDAGOGICAIKU<\/strong><br \/>\n<strong> I don\u2019t teach students<\/strong><br \/>\n<strong> I don\u2019t even teach course books<\/strong><br \/>\n<strong> What I teach is me.*<\/strong><\/p>\n<p>Education should open minds, broaden horizons and challenge beliefs. As the world changes, we as teachers, also have to change our professional and personal skills by taking advantage of opportunities for learning\/re-learning through CPD, such as The Bridge Reboot Camp which offers:<\/p>\n<ul>\n<li><strong>Workshops that make you think &amp; open your mind<\/strong><\/li>\n<li><strong>Morning yoga that caresses your soul and refreshes your body<\/strong><\/li>\n<li><strong>Food that gives your body and mind a chance to regenerate<\/strong><\/li>\n<li><strong>Beautiful natural environment and inspiring people (http:\/\/www.zajezka.sk\/en)<\/strong><\/li>\n<li><strong>Professional teacher trainers Philip Kerr &amp; Peter Medgyes.<\/strong><\/li>\n<\/ul>\n<p>Becoming better teachers, however, involves reviewing and revising not only what we do in the classroom, but also how we approach life in general. It means <strong>being on top of various methodologies\/technologies but also understanding how students learn in different ways<\/strong>. It is only when respecting these differences, treating students as human beings and allowing them to take responsibility for their learning process, that we can ensure the kind of education envisioned above.<\/p>\n<p>At the same time, <strong>we must take care of our own well-being<\/strong>. Thus, ideally, CPD events should provide food for the \u2018mind, body and soul\u2019 so that by the end you feel relaxed, energised and able to go back to work armed with new\/novel\/risky ideas and, more importantly, with a willingness to try them out.<\/p>\n<p>The Bridge Reboot Camp comprises a carefully thought-out programme that takes into account many of the aspects mentioned above, including yoga, meditation, fresh vegetarian food, active workshops and practical evening activities.<strong> The \u2018reboot\u2019 camp is designed to fill you with energy and creative ideas so that you are ready to kick start the new school year with renewed enthusiasm and vigour.&nbsp;<\/strong><\/p>\n<p><em><strong>Dates: 28th July \u2013 4th August 2018<\/strong><\/em><br \/>\n<em><strong> Venue: http:\/\/www.zajezka.sk\/en<\/strong><\/em><br \/>\n<em><strong> More info: bednarova@thebridge.sk, +421 917 596 154<\/strong><\/em><\/p>\n<p>*HAIKU by Rakesh Bhanot<\/p>\n<div class=\"row\">\n<form class=\"formular\" style=\"width: 100%; padding: 60px; background: #efefef; text-align: center;\" action=\"\/wp-content\/themes\/bridge4\/mail_bridge-re-boot-camp.php\" method=\"post\"><input name=\"name\" style=\"height: 60px;\" required=\"\" type=\"text\" placeholder=\"Name\"><br \/>\n<input name=\"surname\" style=\"height: 60px;\" required=\"\" type=\"text\" placeholder=\"Surname\"><br \/>\n<input name=\"email\" style=\"height: 60px;\" required=\"\" type=\"email\" placeholder=\"E-mail\"><br \/>\n<button style=\"background: #5ea11a !important; border-radius: 3px;\" type=\"submit\">Registration<\/button><\/form>\n<\/div>\n<p>[:]<\/p>\n","protected":false},"excerpt":{"rendered":"<p>PEDAGOGICAIKU I don\u2019t teach students I don\u2019t even teach course books What I teach is me.* Education should open minds, broaden horizons and challenge beliefs. As the world changes, we as teachers, also have to change our professional and personal skills by taking advantage of opportunities for learning\/re-learning through CPD, such as The Bridge Reboot &hellip; <a href=\"https:\/\/thebridge.sk\/en\/the-bridge-re-boot-camp-2018\/\">Continued<\/a><\/p>\n","protected":false},"author":8,"featured_media":5661,"comment_status":"open","ping_status":"open","sticky":false,"template":"","format":"standard","meta":{"_acf_changed":false,"inline_featured_image":false,"footnotes":""},"categories":[61],"tags":[],"class_list":["post-7591","post","type-post","status-publish","format-standard","has-post-thumbnail","hentry","category-events"],"acf":[],"yoast_head":"<!-- This site is optimized with the Yoast SEO plugin v27.2 - https:\/\/yoast.com\/product\/yoast-seo-wordpress\/ -->\n<title>the Bridge re-boot camp 2018 - The Bridge<\/title>\n<meta name=\"robots\" content=\"index, follow, max-snippet:-1, max-image-preview:large, max-video-preview:-1\" \/>\n<link rel=\"canonical\" href=\"https:\/\/thebridge.sk\/en\/the-bridge-re-boot-camp-2018\/\" \/>\n<meta property=\"og:locale\" content=\"en_US\" \/>\n<meta property=\"og:type\" content=\"article\" \/>\n<meta property=\"og:title\" content=\"the Bridge re-boot camp 2018 - The Bridge\" \/>\n<meta property=\"og:description\" content=\"PEDAGOGICAIKU I don\u2019t teach students I don\u2019t even teach course books What I teach is me.* Education should open minds, broaden horizons and challenge beliefs. As the world changes, we as teachers, also have to change our professional and personal skills by taking advantage of opportunities for learning\/re-learning through CPD, such as The Bridge Reboot &hellip; Continued\" \/>\n<meta property=\"og:url\" content=\"https:\/\/thebridge.sk\/en\/the-bridge-re-boot-camp-2018\/\" \/>\n<meta property=\"og:site_name\" content=\"The Bridge\" \/>\n<meta property=\"article:published_time\" content=\"2018-05-24T12:27:29+00:00\" \/>\n<meta property=\"article:modified_time\" content=\"2018-08-15T11:08:39+00:00\" \/>\n<meta property=\"og:image\" content=\"https:\/\/thebridge.sk\/wp-content\/uploads\/2017\/11\/20170809-DSC_1052.jpg\" \/>\n\t<meta property=\"og:image:width\" content=\"1534\" \/>\n\t<meta property=\"og:image:height\" content=\"1024\" \/>\n\t<meta property=\"og:image:type\" content=\"image\/jpeg\" \/>\n<meta name=\"author\" content=\"Klaudia Bedn\u00e1rov\u00e1\" \/>\n<meta name=\"twitter:card\" content=\"summary_large_image\" \/>\n<meta name=\"twitter:label1\" content=\"Written by\" \/>\n\t<meta name=\"twitter:data1\" content=\"Klaudia Bedn\u00e1rov\u00e1\" \/>\n\t<meta name=\"twitter:label2\" content=\"Est. reading time\" \/>\n\t<meta name=\"twitter:data2\" content=\"2 minutes\" \/>\n<script type=\"application\/ld+json\" class=\"yoast-schema-graph\">{\"@context\":\"https:\/\/schema.org\",\"@graph\":[{\"@type\":\"Article\",\"@id\":\"https:\/\/thebridge.sk\/en\/the-bridge-re-boot-camp-2018\/#article\",\"isPartOf\":{\"@id\":\"https:\/\/thebridge.sk\/en\/the-bridge-re-boot-camp-2018\/\"},\"author\":{\"name\":\"Klaudia Bedn\u00e1rov\u00e1\",\"@id\":\"https:\/\/thebridge.sk\/#\/schema\/person\/a1bd646e6b208a6e2e521ce887cbf294\"},\"headline\":\"the Bridge re-boot camp 2018\",\"datePublished\":\"2018-05-24T12:27:29+00:00\",\"dateModified\":\"2018-08-15T11:08:39+00:00\",\"mainEntityOfPage\":{\"@id\":\"https:\/\/thebridge.sk\/en\/the-bridge-re-boot-camp-2018\/\"},\"wordCount\":328,\"commentCount\":0,\"publisher\":{\"@id\":\"https:\/\/thebridge.sk\/#organization\"},\"image\":{\"@id\":\"https:\/\/thebridge.sk\/en\/the-bridge-re-boot-camp-2018\/#primaryimage\"},\"thumbnailUrl\":\"https:\/\/thebridge.sk\/wp-content\/uploads\/2017\/11\/20170809-DSC_1052.jpg\",\"articleSection\":[\"Events\"],\"inLanguage\":\"en-US\",\"potentialAction\":[{\"@type\":\"CommentAction\",\"name\":\"Comment\",\"target\":[\"https:\/\/thebridge.sk\/en\/the-bridge-re-boot-camp-2018\/#respond\"]}]},{\"@type\":\"WebPage\",\"@id\":\"https:\/\/thebridge.sk\/en\/the-bridge-re-boot-camp-2018\/\",\"url\":\"https:\/\/thebridge.sk\/en\/the-bridge-re-boot-camp-2018\/\",\"name\":\"the Bridge re-boot camp 2018 - The Bridge\",\"isPartOf\":{\"@id\":\"https:\/\/thebridge.sk\/#website\"},\"primaryImageOfPage\":{\"@id\":\"https:\/\/thebridge.sk\/en\/the-bridge-re-boot-camp-2018\/#primaryimage\"},\"image\":{\"@id\":\"https:\/\/thebridge.sk\/en\/the-bridge-re-boot-camp-2018\/#primaryimage\"},\"thumbnailUrl\":\"https:\/\/thebridge.sk\/wp-content\/uploads\/2017\/11\/20170809-DSC_1052.jpg\",\"datePublished\":\"2018-05-24T12:27:29+00:00\",\"dateModified\":\"2018-08-15T11:08:39+00:00\",\"breadcrumb\":{\"@id\":\"https:\/\/thebridge.sk\/en\/the-bridge-re-boot-camp-2018\/#breadcrumb\"},\"inLanguage\":\"en-US\",\"potentialAction\":[{\"@type\":\"ReadAction\",\"target\":[\"https:\/\/thebridge.sk\/en\/the-bridge-re-boot-camp-2018\/\"]}]},{\"@type\":\"ImageObject\",\"inLanguage\":\"en-US\",\"@id\":\"https:\/\/thebridge.sk\/en\/the-bridge-re-boot-camp-2018\/#primaryimage\",\"url\":\"https:\/\/thebridge.sk\/wp-content\/uploads\/2017\/11\/20170809-DSC_1052.jpg\",\"contentUrl\":\"https:\/\/thebridge.sk\/wp-content\/uploads\/2017\/11\/20170809-DSC_1052.jpg\",\"width\":1534,\"height\":1024},{\"@type\":\"BreadcrumbList\",\"@id\":\"https:\/\/thebridge.sk\/en\/the-bridge-re-boot-camp-2018\/#breadcrumb\",\"itemListElement\":[{\"@type\":\"ListItem\",\"position\":1,\"name\":\"The Bridge\",\"item\":\"https:\/\/thebridge.sk\/en\/\"},{\"@type\":\"ListItem\",\"position\":2,\"name\":\"the Bridge re-boot camp 2018\"}]},{\"@type\":\"WebSite\",\"@id\":\"https:\/\/thebridge.sk\/#website\",\"url\":\"https:\/\/thebridge.sk\/\",\"name\":\"The Bridge\",\"description\":\"\",\"publisher\":{\"@id\":\"https:\/\/thebridge.sk\/#organization\"},\"potentialAction\":[{\"@type\":\"SearchAction\",\"target\":{\"@type\":\"EntryPoint\",\"urlTemplate\":\"https:\/\/thebridge.sk\/?s={search_term_string}\"},\"query-input\":{\"@type\":\"PropertyValueSpecification\",\"valueRequired\":true,\"valueName\":\"search_term_string\"}}],\"inLanguage\":\"en-US\"},{\"@type\":\"Organization\",\"@id\":\"https:\/\/thebridge.sk\/#organization\",\"name\":\"the Bridge\",\"url\":\"https:\/\/thebridge.sk\/\",\"logo\":{\"@type\":\"ImageObject\",\"inLanguage\":\"en-US\",\"@id\":\"https:\/\/thebridge.sk\/#\/schema\/logo\/image\/\",\"url\":\"https:\/\/thebridge.sk\/wp-content\/uploads\/2022\/09\/91983323_3231649653512263_3585232510205820928_n.png\",\"contentUrl\":\"https:\/\/thebridge.sk\/wp-content\/uploads\/2022\/09\/91983323_3231649653512263_3585232510205820928_n.png\",\"width\":800,\"height\":800,\"caption\":\"the Bridge\"},\"image\":{\"@id\":\"https:\/\/thebridge.sk\/#\/schema\/logo\/image\/\"}},{\"@type\":\"Person\",\"@id\":\"https:\/\/thebridge.sk\/#\/schema\/person\/a1bd646e6b208a6e2e521ce887cbf294\",\"name\":\"Klaudia Bedn\u00e1rov\u00e1\",\"image\":{\"@type\":\"ImageObject\",\"inLanguage\":\"en-US\",\"@id\":\"https:\/\/secure.gravatar.com\/avatar\/10d0fe9dfabdfda2298ba9ef91be1c0d5fb288bf9dbbe34e2866353f410d37ed?s=96&d=mm&r=g\",\"url\":\"https:\/\/secure.gravatar.com\/avatar\/10d0fe9dfabdfda2298ba9ef91be1c0d5fb288bf9dbbe34e2866353f410d37ed?s=96&d=mm&r=g\",\"contentUrl\":\"https:\/\/secure.gravatar.com\/avatar\/10d0fe9dfabdfda2298ba9ef91be1c0d5fb288bf9dbbe34e2866353f410d37ed?s=96&d=mm&r=g\",\"caption\":\"Klaudia Bedn\u00e1rov\u00e1\"},\"url\":\"https:\/\/thebridge.sk\/en\/author\/klaudia\/\"}]}<\/script>\n<!-- \/ Yoast SEO plugin. -->","yoast_head_json":{"title":"the Bridge re-boot camp 2018 - The Bridge","robots":{"index":"index","follow":"follow","max-snippet":"max-snippet:-1","max-image-preview":"max-image-preview:large","max-video-preview":"max-video-preview:-1"},"canonical":"https:\/\/thebridge.sk\/en\/the-bridge-re-boot-camp-2018\/","og_locale":"en_US","og_type":"article","og_title":"the Bridge re-boot camp 2018 - The Bridge","og_description":"PEDAGOGICAIKU I don\u2019t teach students I don\u2019t even teach course books What I teach is me.* Education should open minds, broaden horizons and challenge beliefs. As the world changes, we as teachers, also have to change our professional and personal skills by taking advantage of opportunities for learning\/re-learning through CPD, such as The Bridge Reboot &hellip; Continued","og_url":"https:\/\/thebridge.sk\/en\/the-bridge-re-boot-camp-2018\/","og_site_name":"The Bridge","article_published_time":"2018-05-24T12:27:29+00:00","article_modified_time":"2018-08-15T11:08:39+00:00","og_image":[{"width":1534,"height":1024,"url":"https:\/\/thebridge.sk\/wp-content\/uploads\/2017\/11\/20170809-DSC_1052.jpg","type":"image\/jpeg"}],"author":"Klaudia Bedn\u00e1rov\u00e1","twitter_card":"summary_large_image","twitter_misc":{"Written by":"Klaudia Bedn\u00e1rov\u00e1","Est. reading time":"2 minutes"},"schema":{"@context":"https:\/\/schema.org","@graph":[{"@type":"Article","@id":"https:\/\/thebridge.sk\/en\/the-bridge-re-boot-camp-2018\/#article","isPartOf":{"@id":"https:\/\/thebridge.sk\/en\/the-bridge-re-boot-camp-2018\/"},"author":{"name":"Klaudia Bedn\u00e1rov\u00e1","@id":"https:\/\/thebridge.sk\/#\/schema\/person\/a1bd646e6b208a6e2e521ce887cbf294"},"headline":"the Bridge re-boot camp 2018","datePublished":"2018-05-24T12:27:29+00:00","dateModified":"2018-08-15T11:08:39+00:00","mainEntityOfPage":{"@id":"https:\/\/thebridge.sk\/en\/the-bridge-re-boot-camp-2018\/"},"wordCount":328,"commentCount":0,"publisher":{"@id":"https:\/\/thebridge.sk\/#organization"},"image":{"@id":"https:\/\/thebridge.sk\/en\/the-bridge-re-boot-camp-2018\/#primaryimage"},"thumbnailUrl":"https:\/\/thebridge.sk\/wp-content\/uploads\/2017\/11\/20170809-DSC_1052.jpg","articleSection":["Events"],"inLanguage":"en-US","potentialAction":[{"@type":"CommentAction","name":"Comment","target":["https:\/\/thebridge.sk\/en\/the-bridge-re-boot-camp-2018\/#respond"]}]},{"@type":"WebPage","@id":"https:\/\/thebridge.sk\/en\/the-bridge-re-boot-camp-2018\/","url":"https:\/\/thebridge.sk\/en\/the-bridge-re-boot-camp-2018\/","name":"the Bridge re-boot camp 2018 - The Bridge","isPartOf":{"@id":"https:\/\/thebridge.sk\/#website"},"primaryImageOfPage":{"@id":"https:\/\/thebridge.sk\/en\/the-bridge-re-boot-camp-2018\/#primaryimage"},"image":{"@id":"https:\/\/thebridge.sk\/en\/the-bridge-re-boot-camp-2018\/#primaryimage"},"thumbnailUrl":"https:\/\/thebridge.sk\/wp-content\/uploads\/2017\/11\/20170809-DSC_1052.jpg","datePublished":"2018-05-24T12:27:29+00:00","dateModified":"2018-08-15T11:08:39+00:00","breadcrumb":{"@id":"https:\/\/thebridge.sk\/en\/the-bridge-re-boot-camp-2018\/#breadcrumb"},"inLanguage":"en-US","potentialAction":[{"@type":"ReadAction","target":["https:\/\/thebridge.sk\/en\/the-bridge-re-boot-camp-2018\/"]}]},{"@type":"ImageObject","inLanguage":"en-US","@id":"https:\/\/thebridge.sk\/en\/the-bridge-re-boot-camp-2018\/#primaryimage","url":"https:\/\/thebridge.sk\/wp-content\/uploads\/2017\/11\/20170809-DSC_1052.jpg","contentUrl":"https:\/\/thebridge.sk\/wp-content\/uploads\/2017\/11\/20170809-DSC_1052.jpg","width":1534,"height":1024},{"@type":"BreadcrumbList","@id":"https:\/\/thebridge.sk\/en\/the-bridge-re-boot-camp-2018\/#breadcrumb","itemListElement":[{"@type":"ListItem","position":1,"name":"The Bridge","item":"https:\/\/thebridge.sk\/en\/"},{"@type":"ListItem","position":2,"name":"the Bridge re-boot camp 2018"}]},{"@type":"WebSite","@id":"https:\/\/thebridge.sk\/#website","url":"https:\/\/thebridge.sk\/","name":"The Bridge","description":"","publisher":{"@id":"https:\/\/thebridge.sk\/#organization"},"potentialAction":[{"@type":"SearchAction","target":{"@type":"EntryPoint","urlTemplate":"https:\/\/thebridge.sk\/?s={search_term_string}"},"query-input":{"@type":"PropertyValueSpecification","valueRequired":true,"valueName":"search_term_string"}}],"inLanguage":"en-US"},{"@type":"Organization","@id":"https:\/\/thebridge.sk\/#organization","name":"the Bridge","url":"https:\/\/thebridge.sk\/","logo":{"@type":"ImageObject","inLanguage":"en-US","@id":"https:\/\/thebridge.sk\/#\/schema\/logo\/image\/","url":"https:\/\/thebridge.sk\/wp-content\/uploads\/2022\/09\/91983323_3231649653512263_3585232510205820928_n.png","contentUrl":"https:\/\/thebridge.sk\/wp-content\/uploads\/2022\/09\/91983323_3231649653512263_3585232510205820928_n.png","width":800,"height":800,"caption":"the Bridge"},"image":{"@id":"https:\/\/thebridge.sk\/#\/schema\/logo\/image\/"}},{"@type":"Person","@id":"https:\/\/thebridge.sk\/#\/schema\/person\/a1bd646e6b208a6e2e521ce887cbf294","name":"Klaudia Bedn\u00e1rov\u00e1","image":{"@type":"ImageObject","inLanguage":"en-US","@id":"https:\/\/secure.gravatar.com\/avatar\/10d0fe9dfabdfda2298ba9ef91be1c0d5fb288bf9dbbe34e2866353f410d37ed?s=96&d=mm&r=g","url":"https:\/\/secure.gravatar.com\/avatar\/10d0fe9dfabdfda2298ba9ef91be1c0d5fb288bf9dbbe34e2866353f410d37ed?s=96&d=mm&r=g","contentUrl":"https:\/\/secure.gravatar.com\/avatar\/10d0fe9dfabdfda2298ba9ef91be1c0d5fb288bf9dbbe34e2866353f410d37ed?s=96&d=mm&r=g","caption":"Klaudia Bedn\u00e1rov\u00e1"},"url":"https:\/\/thebridge.sk\/en\/author\/klaudia\/"}]}},"_links":{"self":[{"href":"https:\/\/thebridge.sk\/en\/wp-json\/wp\/v2\/posts\/7591","targetHints":{"allow":["GET"]}}],"collection":[{"href":"https:\/\/thebridge.sk\/en\/wp-json\/wp\/v2\/posts"}],"about":[{"href":"https:\/\/thebridge.sk\/en\/wp-json\/wp\/v2\/types\/post"}],"author":[{"embeddable":true,"href":"https:\/\/thebridge.sk\/en\/wp-json\/wp\/v2\/users\/8"}],"replies":[{"embeddable":true,"href":"https:\/\/thebridge.sk\/en\/wp-json\/wp\/v2\/comments?post=7591"}],"version-history":[{"count":0,"href":"https:\/\/thebridge.sk\/en\/wp-json\/wp\/v2\/posts\/7591\/revisions"}],"wp:featuredmedia":[{"embeddable":true,"href":"https:\/\/thebridge.sk\/en\/wp-json\/wp\/v2\/media\/5661"}],"wp:attachment":[{"href":"https:\/\/thebridge.sk\/en\/wp-json\/wp\/v2\/media?parent=7591"}],"wp:term":[{"taxonomy":"category","embeddable":true,"href":"https:\/\/thebridge.sk\/en\/wp-json\/wp\/v2\/categories?post=7591"},{"taxonomy":"post_tag","embeddable":true,"href":"https:\/\/thebridge.sk\/en\/wp-json\/wp\/v2\/tags?post=7591"}],"curies":[{"name":"wp","href":"https:\/\/api.w.org\/{rel}","templated":true}]}}