
{"id":26256,"date":"2025-10-09T18:10:26","date_gmt":"2025-10-09T16:10:26","guid":{"rendered":"https:\/\/thebridge.sk\/?p=26256"},"modified":"2026-03-11T15:09:46","modified_gmt":"2026-03-11T14:09:46","slug":"inclusive-education-should-be-more-dynamic","status":"publish","type":"post","link":"https:\/\/thebridge.sk\/en\/inclusive-education-should-be-more-dynamic\/","title":{"rendered":"Inclusive education should be more dynamic"},"content":{"rendered":"<p>At the end of July and beginning of August, our teacher Zuzana \u017dipaj-Mi\u0161kov\u00e1 took part in the Erasmus+ educational program Inclusive Practices in English Language Classroom in Dublin, Ireland. What knowledge and experiences did she bring back with her? You can find out in this short interview.<\/p><h3 class=\"wp-block-heading\">What are inclusive practices?<\/h3><p>Inclusive practices, i.e., inclusive techniques in the classroom, are focused on teaching students with dyslexia, attention deficit disorder, or autism. The training was very informative. I gained basic knowledge about what these diagnoses mean, how they manifest themselves, and how these students see the world. Try reading this text through the eyes of a dyslexic: https:\/\/geon.github.io\/programming\/2016\/03\/03\/dsxyliea .<\/p><figure class=\"wp-block-image size-large\"><img decoding=\"async\" width=\"1024\" height=\"768\" src=\"https:\/\/thebridge.sk\/wp-content\/uploads\/2025\/10\/1-1024x768.jpg\" alt=\"\" class=\"wp-image-26234\" srcset=\"https:\/\/thebridge.sk\/wp-content\/uploads\/2025\/10\/1-1024x768.jpg 1024w, https:\/\/thebridge.sk\/wp-content\/uploads\/2025\/10\/1-300x225.jpg 300w, https:\/\/thebridge.sk\/wp-content\/uploads\/2025\/10\/1-768x576.jpg 768w, https:\/\/thebridge.sk\/wp-content\/uploads\/2025\/10\/1-1536x1152.jpg 1536w, https:\/\/thebridge.sk\/wp-content\/uploads\/2025\/10\/1-600x450.jpg 600w, https:\/\/thebridge.sk\/wp-content\/uploads\/2025\/10\/1.jpg 2048w\" sizes=\"(max-width: 1024px) 100vw, 1024px\" \/><\/figure><h3 class=\"wp-block-heading\">Why did you decide to participate in the mobility program?<\/h3><p>As a teacher, you are sometimes like a juggler: you try to keep the balls in the air, cover the planned curriculum in the allotted time, keep track of how much you talk, record attendance, plan, tailor lessons to students&#8230; That&#8217;s why it&#8217;s essential for us to keep classroom techniques as simple and practical as possible.<\/p><h3 class=\"wp-block-heading\">Which techniques are appropriate to use in an inclusive classroom?<\/h3><p>An excellent example is attention deficit disorder, where movement and alternating activities are important. If, as a teacher, you can choose at least one kinaesthetic activity and alternate it with others, you&#8217;ve won. Smaller doses are also important for dyslexia. Shorter, color-coded texts are very helpful. It is also important to teach vocabulary properly and avoid techniques such as rapid text scanning. Autism is a complex and complicated topic, as we are talking about a spectrum, but its accompanying phenomena can include dyslexia, Asperger&#8217;s syndrome, or ADHD. It is therefore essential to get to know the student well. A surprising piece of information from the course was that the educational process should not be slower, but more dynamic, thus breaking the stereotype associated with slower learning.<\/p><figure class=\"wp-block-image size-large\"><img decoding=\"async\" width=\"1024\" height=\"768\" src=\"https:\/\/thebridge.sk\/wp-content\/uploads\/2025\/10\/2-1024x768.jpg\" alt=\"\" class=\"wp-image-26236\" srcset=\"https:\/\/thebridge.sk\/wp-content\/uploads\/2025\/10\/2-1024x768.jpg 1024w, https:\/\/thebridge.sk\/wp-content\/uploads\/2025\/10\/2-300x225.jpg 300w, https:\/\/thebridge.sk\/wp-content\/uploads\/2025\/10\/2-768x576.jpg 768w, https:\/\/thebridge.sk\/wp-content\/uploads\/2025\/10\/2-1536x1152.jpg 1536w, https:\/\/thebridge.sk\/wp-content\/uploads\/2025\/10\/2-600x450.jpg 600w, https:\/\/thebridge.sk\/wp-content\/uploads\/2025\/10\/2.jpg 2048w\" sizes=\"(max-width: 1024px) 100vw, 1024px\" \/><\/figure><h3 class=\"wp-block-heading\">Did you have time to explore the city?<\/h3><p>Yes. Visiting Ireland has always been my dream. I love Irish musicians, I enjoy good whiskey, and I adore cooler weather. Tell me, isn&#8217;t it paradise? For me, it certainly was, as I experienced everything I mentioned. There was live music on almost every street. You could just stand and listen, or pop into the nearest bar and enjoy the music with a glass of Guinness, the Irish favourite. But the best part was the trips to and from school. I walked past St. Patrick&#8217;s Cathedral, a majestic building that exuded history. In the morning, the city was just waking up, but in the afternoon, people sat in the park around the cathedral, reading books or having dinner.<\/p><h3 class=\"wp-block-heading\">How would you sum up your stay?<\/h3><p>Ireland certainly did not disappoint; in fact, it exceeded my expectations. I am glad that I gained knowledge that I can pass on to my colleagues and at the same time I drew energy from new experiences.<\/p><section  class=\"py-16\" id=\"\">\n  <div class=\"container\">\n\n    \n           <div class=\"items-center relative flex\" x-data=\"{swiper: null}\"\n           x-init=\"swiper = new Swiper($refs.container, {\n            slidesPerView: 1,\n            spaceBetween: 20,\n            navigation: {\n             nextEl:  $refs.prev,\n              prevEl: $refs.next,\n              disabledClass: 'opacity-20',\n            },\n            breakpoints: {\n              900: {\n                slidesPerView: 4,\n              },\n              600: {\n                slidesPerView: 2,\n              },\n            },\n             pagination: {\n              el: $refs.pagination,\n            },\n          })\"\n      >\n        <div class=\"swipper overflow-hidden \" x-ref=\"container\">\n          <div class=\"swiper-wrapper\">\n                          <div class=\"swiper-slide h-64 rounded-md w-64 bg-center bg-cover\" style=\"background-image: url('https:\/\/thebridge.sk\/wp-content\/uploads\/2025\/10\/2.-Skola-den-treti-768x1024.jpeg')\">\n              <\/div>\n                          <div class=\"swiper-slide h-64 rounded-md w-64 bg-center bg-cover\" style=\"background-image: url('https:\/\/thebridge.sk\/wp-content\/uploads\/2025\/10\/1.-Katedrala-sv.-Patrika-1024x768.jpeg')\">\n              <\/div>\n                          <div class=\"swiper-slide h-64 rounded-md w-64 bg-center bg-cover\" style=\"background-image: url('https:\/\/thebridge.sk\/wp-content\/uploads\/2025\/10\/6.-Howth-768x1024.jpeg')\">\n              <\/div>\n                          <div class=\"swiper-slide h-64 rounded-md w-64 bg-center bg-cover\" style=\"background-image: url('https:\/\/thebridge.sk\/wp-content\/uploads\/2025\/10\/5.-Vzdelavanie-zacina-768x1024.jpeg')\">\n              <\/div>\n                          <div class=\"swiper-slide h-64 rounded-md w-64 bg-center bg-cover\" style=\"background-image: url('https:\/\/thebridge.sk\/wp-content\/uploads\/2025\/10\/4.-Ulica-skoly-768x1024.jpeg')\">\n              <\/div>\n                          <div class=\"swiper-slide h-64 rounded-md w-64 bg-center bg-cover\" style=\"background-image: url('https:\/\/thebridge.sk\/wp-content\/uploads\/2025\/10\/3.-Skola-768x1024.jpeg')\">\n              <\/div>\n                          <div class=\"swiper-slide h-64 rounded-md w-64 bg-center bg-cover\" style=\"background-image: url('https:\/\/thebridge.sk\/wp-content\/uploads\/2025\/10\/4-768x1024.jpg')\">\n              <\/div>\n                          <div class=\"swiper-slide h-64 rounded-md w-64 bg-center bg-cover\" style=\"background-image: url('https:\/\/thebridge.sk\/wp-content\/uploads\/2025\/10\/3-1024x768.jpg')\">\n              <\/div>\n                      <\/div>\n          <div   x-ref=\"pagination\" class=\"slider-pagination text-center visible\"><\/div>\n        <\/div>\n        <div class=\"absolute inset-y-0 hidden left-0 desktop:-left-12 z-10 desktop:flex items-center\" x-ref=\"next\">\n          <svg xmlns=\"http:\/\/www.w3.org\/2000\/svg\" width=\"32\" height=\"32\" viewBox=\"0 0 32 32\" fill=\"none\">\n            <path d=\"M9.83076 16.9998L16.7231 23.8921C16.9214 24.0904 17.0192 24.3225 17.0167 24.5883C17.0141 24.8541 16.9094 25.0904 16.7026 25.2972C16.4957 25.4904 16.2616 25.5904 16 25.5972C15.7385 25.6041 15.5043 25.5041 15.2975 25.2972L6.84366 16.8434C6.71888 16.7186 6.63085 16.587 6.57956 16.4485C6.52827 16.3101 6.50262 16.1605 6.50262 15.9998C6.50262 15.8391 6.52827 15.6896 6.57956 15.5511C6.63085 15.4127 6.71888 15.281 6.84366 15.1562L15.2975 6.70242C15.4821 6.51779 15.7107 6.42335 15.9834 6.41908C16.256 6.41482 16.4957 6.50926 16.7026 6.70242C16.9094 6.90924 17.0128 7.14684 17.0128 7.41522C17.0128 7.68359 16.9094 7.9212 16.7026 8.12802L9.83076 14.9999H25C25.2837 14.9999 25.5213 15.0956 25.7128 15.287C25.9043 15.4785 26 15.7161 26 15.9998C26 16.2836 25.9043 16.5212 25.7128 16.7126C25.5213 16.9041 25.2837 16.9998 25 16.9998H9.83076Z\" fill=\"#0428DC\"\/>\n          <\/svg>\n        <\/div>\n        <div class=\"absolute inset-y-0 hidden right-0 desktop:-right-12 z-10 desktop:flex items-center\"  x-ref=\"prev\">\n          <svg xmlns=\"http:\/\/www.w3.org\/2000\/svg\" width=\"32\" height=\"32\" viewBox=\"0 0 32 32\" fill=\"none\">\n            <path d=\"M22.1692 17H7C6.71624 17 6.47864 16.9043 6.2872 16.7129C6.09573 16.5214 6 16.2838 6 16.0001C6 15.7163 6.09573 15.4787 6.2872 15.2873C6.47864 15.0958 6.71624 15.0001 7 15.0001H22.1692L15.2769 8.10777C15.0786 7.90948 14.9808 7.67744 14.9833 7.41164C14.9859 7.14582 15.0906 6.90949 15.2974 6.70267C15.5043 6.50952 15.7384 6.40952 16 6.40267C16.2615 6.39583 16.4957 6.49583 16.7025 6.70267L25.1563 15.1565C25.2811 15.2813 25.3691 15.4129 25.4204 15.5514C25.4717 15.6898 25.4974 15.8394 25.4974 16.0001C25.4974 16.1608 25.4717 16.3103 25.4204 16.4488C25.3691 16.5872 25.2811 16.7189 25.1563 16.8436L16.7025 25.2975C16.5179 25.4821 16.2893 25.5765 16.0166 25.5808C15.744 25.5851 15.5043 25.4906 15.2974 25.2975C15.0906 25.0907 14.9872 24.853 14.9872 24.5847C14.9872 24.3163 15.0906 24.0787 15.2974 23.8719L22.1692 17Z\" fill=\"#0428DC\"\/>\n          <\/svg>\n        <\/div>\n      <\/div>\n        <\/div>\n<\/section><p><\/p><p class=\"has-text-align-center\"><em>Edited by: Kamila Jan\u010d\u00edkov\u00e1 \/ Photos: Zuzana \u017dipaj-Mi\u0161kov\u00e1<\/em><\/p><figure class=\"wp-block-image size-medium\"><img decoding=\"async\" width=\"300\" height=\"63\" src=\"https:\/\/thebridge.sk\/wp-content\/uploads\/2025\/07\/EN-Co-funded-by-the-EU_PANTONE-1-300x63.jpg\" alt=\"\" class=\"wp-image-25580\" srcset=\"https:\/\/thebridge.sk\/wp-content\/uploads\/2025\/07\/EN-Co-funded-by-the-EU_PANTONE-1-300x63.jpg 300w, https:\/\/thebridge.sk\/wp-content\/uploads\/2025\/07\/EN-Co-funded-by-the-EU_PANTONE-1-1024x215.jpg 1024w, https:\/\/thebridge.sk\/wp-content\/uploads\/2025\/07\/EN-Co-funded-by-the-EU_PANTONE-1-768x161.jpg 768w, https:\/\/thebridge.sk\/wp-content\/uploads\/2025\/07\/EN-Co-funded-by-the-EU_PANTONE-1-1536x322.jpg 1536w, https:\/\/thebridge.sk\/wp-content\/uploads\/2025\/07\/EN-Co-funded-by-the-EU_PANTONE-1-2048x430.jpg 2048w, https:\/\/thebridge.sk\/wp-content\/uploads\/2025\/07\/EN-Co-funded-by-the-EU_PANTONE-1-600x126.jpg 600w\" sizes=\"(max-width: 300px) 100vw, 300px\" \/><\/figure>","protected":false},"excerpt":{"rendered":"<p>Inclusive education should be more dynamic, says our teacher Zuzana \u017dipaj-Mi\u0161kov\u00e1. Read more about her Erasmus+ mobility in Dublin.<\/p>\n","protected":false},"author":8,"featured_media":26257,"comment_status":"closed","ping_status":"closed","sticky":false,"template":"","format":"standard","meta":{"_acf_changed":false,"inline_featured_image":false,"footnotes":""},"categories":[62,321],"tags":[],"class_list":["post-26256","post","type-post","status-publish","format-standard","has-post-thumbnail","hentry","category-articles","category-erasmus-2"],"acf":[],"yoast_head":"<!-- This site is optimized with the Yoast SEO plugin v27.2 - https:\/\/yoast.com\/product\/yoast-seo-wordpress\/ -->\n<title>Inclusive education should be more dynamic - The Bridge<\/title>\n<meta name=\"description\" content=\"Inclusive education should be more dynamic, says our teacher Zuzana \u017dipaj-Mi\u0161kov\u00e1. Read more about her Erasmus+ mobility in Dublin.\" \/>\n<meta name=\"robots\" content=\"index, follow, max-snippet:-1, max-image-preview:large, max-video-preview:-1\" \/>\n<link rel=\"canonical\" href=\"https:\/\/thebridge.sk\/en\/inclusive-education-should-be-more-dynamic\/\" \/>\n<meta property=\"og:locale\" content=\"en_US\" \/>\n<meta property=\"og:type\" content=\"article\" \/>\n<meta property=\"og:title\" content=\"Inclusive education should be more dynamic - The Bridge\" \/>\n<meta property=\"og:description\" content=\"Inclusive education should be more dynamic, says our teacher Zuzana \u017dipaj-Mi\u0161kov\u00e1. Read more about her Erasmus+ mobility in Dublin.\" \/>\n<meta property=\"og:url\" content=\"https:\/\/thebridge.sk\/en\/inclusive-education-should-be-more-dynamic\/\" \/>\n<meta property=\"og:site_name\" content=\"The Bridge\" \/>\n<meta property=\"article:published_time\" content=\"2025-10-09T16:10:26+00:00\" \/>\n<meta property=\"article:modified_time\" content=\"2026-03-11T14:09:46+00:00\" \/>\n<meta property=\"og:image\" content=\"https:\/\/thebridge.sk\/wp-content\/uploads\/2025\/10\/zuzka_blog_erasmus_EN.jpg\" \/>\n\t<meta property=\"og:image:width\" content=\"1200\" \/>\n\t<meta property=\"og:image:height\" content=\"628\" \/>\n\t<meta property=\"og:image:type\" content=\"image\/jpeg\" \/>\n<meta name=\"author\" content=\"Klaudia Bedn\u00e1rov\u00e1\" \/>\n<meta name=\"twitter:card\" content=\"summary_large_image\" \/>\n<meta name=\"twitter:label1\" content=\"Written by\" \/>\n\t<meta name=\"twitter:data1\" content=\"Klaudia Bedn\u00e1rov\u00e1\" \/>\n\t<meta name=\"twitter:label2\" content=\"Est. reading time\" \/>\n\t<meta name=\"twitter:data2\" content=\"4 minutes\" \/>\n<script type=\"application\/ld+json\" class=\"yoast-schema-graph\">{\"@context\":\"https:\/\/schema.org\",\"@graph\":[{\"@type\":\"Article\",\"@id\":\"https:\/\/thebridge.sk\/en\/inclusive-education-should-be-more-dynamic\/#article\",\"isPartOf\":{\"@id\":\"https:\/\/thebridge.sk\/en\/inclusive-education-should-be-more-dynamic\/\"},\"author\":{\"name\":\"Klaudia Bedn\u00e1rov\u00e1\",\"@id\":\"https:\/\/thebridge.sk\/#\/schema\/person\/a1bd646e6b208a6e2e521ce887cbf294\"},\"headline\":\"Inclusive education should be more dynamic\",\"datePublished\":\"2025-10-09T16:10:26+00:00\",\"dateModified\":\"2026-03-11T14:09:46+00:00\",\"mainEntityOfPage\":{\"@id\":\"https:\/\/thebridge.sk\/en\/inclusive-education-should-be-more-dynamic\/\"},\"wordCount\":507,\"publisher\":{\"@id\":\"https:\/\/thebridge.sk\/#organization\"},\"image\":{\"@id\":\"https:\/\/thebridge.sk\/en\/inclusive-education-should-be-more-dynamic\/#primaryimage\"},\"thumbnailUrl\":\"https:\/\/thebridge.sk\/wp-content\/uploads\/2025\/10\/zuzka_blog_erasmus_EN.jpg\",\"articleSection\":[\"Articles\",\"Erasmus+\"],\"inLanguage\":\"en-US\"},{\"@type\":\"WebPage\",\"@id\":\"https:\/\/thebridge.sk\/en\/inclusive-education-should-be-more-dynamic\/\",\"url\":\"https:\/\/thebridge.sk\/en\/inclusive-education-should-be-more-dynamic\/\",\"name\":\"Inclusive education should be more dynamic - The Bridge\",\"isPartOf\":{\"@id\":\"https:\/\/thebridge.sk\/#website\"},\"primaryImageOfPage\":{\"@id\":\"https:\/\/thebridge.sk\/en\/inclusive-education-should-be-more-dynamic\/#primaryimage\"},\"image\":{\"@id\":\"https:\/\/thebridge.sk\/en\/inclusive-education-should-be-more-dynamic\/#primaryimage\"},\"thumbnailUrl\":\"https:\/\/thebridge.sk\/wp-content\/uploads\/2025\/10\/zuzka_blog_erasmus_EN.jpg\",\"datePublished\":\"2025-10-09T16:10:26+00:00\",\"dateModified\":\"2026-03-11T14:09:46+00:00\",\"description\":\"Inclusive education should be more dynamic, says our teacher Zuzana \u017dipaj-Mi\u0161kov\u00e1. Read more about her Erasmus+ mobility in Dublin.\",\"breadcrumb\":{\"@id\":\"https:\/\/thebridge.sk\/en\/inclusive-education-should-be-more-dynamic\/#breadcrumb\"},\"inLanguage\":\"en-US\",\"potentialAction\":[{\"@type\":\"ReadAction\",\"target\":[\"https:\/\/thebridge.sk\/en\/inclusive-education-should-be-more-dynamic\/\"]}]},{\"@type\":\"ImageObject\",\"inLanguage\":\"en-US\",\"@id\":\"https:\/\/thebridge.sk\/en\/inclusive-education-should-be-more-dynamic\/#primaryimage\",\"url\":\"https:\/\/thebridge.sk\/wp-content\/uploads\/2025\/10\/zuzka_blog_erasmus_EN.jpg\",\"contentUrl\":\"https:\/\/thebridge.sk\/wp-content\/uploads\/2025\/10\/zuzka_blog_erasmus_EN.jpg\",\"width\":1200,\"height\":628},{\"@type\":\"BreadcrumbList\",\"@id\":\"https:\/\/thebridge.sk\/en\/inclusive-education-should-be-more-dynamic\/#breadcrumb\",\"itemListElement\":[{\"@type\":\"ListItem\",\"position\":1,\"name\":\"The Bridge\",\"item\":\"https:\/\/thebridge.sk\/en\/\"},{\"@type\":\"ListItem\",\"position\":2,\"name\":\"Inclusive education should be more dynamic\"}]},{\"@type\":\"WebSite\",\"@id\":\"https:\/\/thebridge.sk\/#website\",\"url\":\"https:\/\/thebridge.sk\/\",\"name\":\"The Bridge\",\"description\":\"\",\"publisher\":{\"@id\":\"https:\/\/thebridge.sk\/#organization\"},\"potentialAction\":[{\"@type\":\"SearchAction\",\"target\":{\"@type\":\"EntryPoint\",\"urlTemplate\":\"https:\/\/thebridge.sk\/?s={search_term_string}\"},\"query-input\":{\"@type\":\"PropertyValueSpecification\",\"valueRequired\":true,\"valueName\":\"search_term_string\"}}],\"inLanguage\":\"en-US\"},{\"@type\":\"Organization\",\"@id\":\"https:\/\/thebridge.sk\/#organization\",\"name\":\"the Bridge\",\"url\":\"https:\/\/thebridge.sk\/\",\"logo\":{\"@type\":\"ImageObject\",\"inLanguage\":\"en-US\",\"@id\":\"https:\/\/thebridge.sk\/#\/schema\/logo\/image\/\",\"url\":\"https:\/\/thebridge.sk\/wp-content\/uploads\/2022\/09\/91983323_3231649653512263_3585232510205820928_n.png\",\"contentUrl\":\"https:\/\/thebridge.sk\/wp-content\/uploads\/2022\/09\/91983323_3231649653512263_3585232510205820928_n.png\",\"width\":800,\"height\":800,\"caption\":\"the Bridge\"},\"image\":{\"@id\":\"https:\/\/thebridge.sk\/#\/schema\/logo\/image\/\"}},{\"@type\":\"Person\",\"@id\":\"https:\/\/thebridge.sk\/#\/schema\/person\/a1bd646e6b208a6e2e521ce887cbf294\",\"name\":\"Klaudia Bedn\u00e1rov\u00e1\",\"image\":{\"@type\":\"ImageObject\",\"inLanguage\":\"en-US\",\"@id\":\"https:\/\/secure.gravatar.com\/avatar\/10d0fe9dfabdfda2298ba9ef91be1c0d5fb288bf9dbbe34e2866353f410d37ed?s=96&d=mm&r=g\",\"url\":\"https:\/\/secure.gravatar.com\/avatar\/10d0fe9dfabdfda2298ba9ef91be1c0d5fb288bf9dbbe34e2866353f410d37ed?s=96&d=mm&r=g\",\"contentUrl\":\"https:\/\/secure.gravatar.com\/avatar\/10d0fe9dfabdfda2298ba9ef91be1c0d5fb288bf9dbbe34e2866353f410d37ed?s=96&d=mm&r=g\",\"caption\":\"Klaudia Bedn\u00e1rov\u00e1\"},\"url\":\"https:\/\/thebridge.sk\/en\/author\/klaudia\/\"}]}<\/script>\n<!-- \/ Yoast SEO plugin. -->","yoast_head_json":{"title":"Inclusive education should be more dynamic - The Bridge","description":"Inclusive education should be more dynamic, says our teacher Zuzana \u017dipaj-Mi\u0161kov\u00e1. Read more about her Erasmus+ mobility in Dublin.","robots":{"index":"index","follow":"follow","max-snippet":"max-snippet:-1","max-image-preview":"max-image-preview:large","max-video-preview":"max-video-preview:-1"},"canonical":"https:\/\/thebridge.sk\/en\/inclusive-education-should-be-more-dynamic\/","og_locale":"en_US","og_type":"article","og_title":"Inclusive education should be more dynamic - The Bridge","og_description":"Inclusive education should be more dynamic, says our teacher Zuzana \u017dipaj-Mi\u0161kov\u00e1. Read more about her Erasmus+ mobility in Dublin.","og_url":"https:\/\/thebridge.sk\/en\/inclusive-education-should-be-more-dynamic\/","og_site_name":"The Bridge","article_published_time":"2025-10-09T16:10:26+00:00","article_modified_time":"2026-03-11T14:09:46+00:00","og_image":[{"width":1200,"height":628,"url":"https:\/\/thebridge.sk\/wp-content\/uploads\/2025\/10\/zuzka_blog_erasmus_EN.jpg","type":"image\/jpeg"}],"author":"Klaudia Bedn\u00e1rov\u00e1","twitter_card":"summary_large_image","twitter_misc":{"Written by":"Klaudia Bedn\u00e1rov\u00e1","Est. reading time":"4 minutes"},"schema":{"@context":"https:\/\/schema.org","@graph":[{"@type":"Article","@id":"https:\/\/thebridge.sk\/en\/inclusive-education-should-be-more-dynamic\/#article","isPartOf":{"@id":"https:\/\/thebridge.sk\/en\/inclusive-education-should-be-more-dynamic\/"},"author":{"name":"Klaudia Bedn\u00e1rov\u00e1","@id":"https:\/\/thebridge.sk\/#\/schema\/person\/a1bd646e6b208a6e2e521ce887cbf294"},"headline":"Inclusive education should be more dynamic","datePublished":"2025-10-09T16:10:26+00:00","dateModified":"2026-03-11T14:09:46+00:00","mainEntityOfPage":{"@id":"https:\/\/thebridge.sk\/en\/inclusive-education-should-be-more-dynamic\/"},"wordCount":507,"publisher":{"@id":"https:\/\/thebridge.sk\/#organization"},"image":{"@id":"https:\/\/thebridge.sk\/en\/inclusive-education-should-be-more-dynamic\/#primaryimage"},"thumbnailUrl":"https:\/\/thebridge.sk\/wp-content\/uploads\/2025\/10\/zuzka_blog_erasmus_EN.jpg","articleSection":["Articles","Erasmus+"],"inLanguage":"en-US"},{"@type":"WebPage","@id":"https:\/\/thebridge.sk\/en\/inclusive-education-should-be-more-dynamic\/","url":"https:\/\/thebridge.sk\/en\/inclusive-education-should-be-more-dynamic\/","name":"Inclusive education should be more dynamic - The Bridge","isPartOf":{"@id":"https:\/\/thebridge.sk\/#website"},"primaryImageOfPage":{"@id":"https:\/\/thebridge.sk\/en\/inclusive-education-should-be-more-dynamic\/#primaryimage"},"image":{"@id":"https:\/\/thebridge.sk\/en\/inclusive-education-should-be-more-dynamic\/#primaryimage"},"thumbnailUrl":"https:\/\/thebridge.sk\/wp-content\/uploads\/2025\/10\/zuzka_blog_erasmus_EN.jpg","datePublished":"2025-10-09T16:10:26+00:00","dateModified":"2026-03-11T14:09:46+00:00","description":"Inclusive education should be more dynamic, says our teacher Zuzana \u017dipaj-Mi\u0161kov\u00e1. Read more about her Erasmus+ mobility in Dublin.","breadcrumb":{"@id":"https:\/\/thebridge.sk\/en\/inclusive-education-should-be-more-dynamic\/#breadcrumb"},"inLanguage":"en-US","potentialAction":[{"@type":"ReadAction","target":["https:\/\/thebridge.sk\/en\/inclusive-education-should-be-more-dynamic\/"]}]},{"@type":"ImageObject","inLanguage":"en-US","@id":"https:\/\/thebridge.sk\/en\/inclusive-education-should-be-more-dynamic\/#primaryimage","url":"https:\/\/thebridge.sk\/wp-content\/uploads\/2025\/10\/zuzka_blog_erasmus_EN.jpg","contentUrl":"https:\/\/thebridge.sk\/wp-content\/uploads\/2025\/10\/zuzka_blog_erasmus_EN.jpg","width":1200,"height":628},{"@type":"BreadcrumbList","@id":"https:\/\/thebridge.sk\/en\/inclusive-education-should-be-more-dynamic\/#breadcrumb","itemListElement":[{"@type":"ListItem","position":1,"name":"The Bridge","item":"https:\/\/thebridge.sk\/en\/"},{"@type":"ListItem","position":2,"name":"Inclusive education should be more dynamic"}]},{"@type":"WebSite","@id":"https:\/\/thebridge.sk\/#website","url":"https:\/\/thebridge.sk\/","name":"The Bridge","description":"","publisher":{"@id":"https:\/\/thebridge.sk\/#organization"},"potentialAction":[{"@type":"SearchAction","target":{"@type":"EntryPoint","urlTemplate":"https:\/\/thebridge.sk\/?s={search_term_string}"},"query-input":{"@type":"PropertyValueSpecification","valueRequired":true,"valueName":"search_term_string"}}],"inLanguage":"en-US"},{"@type":"Organization","@id":"https:\/\/thebridge.sk\/#organization","name":"the Bridge","url":"https:\/\/thebridge.sk\/","logo":{"@type":"ImageObject","inLanguage":"en-US","@id":"https:\/\/thebridge.sk\/#\/schema\/logo\/image\/","url":"https:\/\/thebridge.sk\/wp-content\/uploads\/2022\/09\/91983323_3231649653512263_3585232510205820928_n.png","contentUrl":"https:\/\/thebridge.sk\/wp-content\/uploads\/2022\/09\/91983323_3231649653512263_3585232510205820928_n.png","width":800,"height":800,"caption":"the Bridge"},"image":{"@id":"https:\/\/thebridge.sk\/#\/schema\/logo\/image\/"}},{"@type":"Person","@id":"https:\/\/thebridge.sk\/#\/schema\/person\/a1bd646e6b208a6e2e521ce887cbf294","name":"Klaudia Bedn\u00e1rov\u00e1","image":{"@type":"ImageObject","inLanguage":"en-US","@id":"https:\/\/secure.gravatar.com\/avatar\/10d0fe9dfabdfda2298ba9ef91be1c0d5fb288bf9dbbe34e2866353f410d37ed?s=96&d=mm&r=g","url":"https:\/\/secure.gravatar.com\/avatar\/10d0fe9dfabdfda2298ba9ef91be1c0d5fb288bf9dbbe34e2866353f410d37ed?s=96&d=mm&r=g","contentUrl":"https:\/\/secure.gravatar.com\/avatar\/10d0fe9dfabdfda2298ba9ef91be1c0d5fb288bf9dbbe34e2866353f410d37ed?s=96&d=mm&r=g","caption":"Klaudia Bedn\u00e1rov\u00e1"},"url":"https:\/\/thebridge.sk\/en\/author\/klaudia\/"}]}},"_links":{"self":[{"href":"https:\/\/thebridge.sk\/en\/wp-json\/wp\/v2\/posts\/26256","targetHints":{"allow":["GET"]}}],"collection":[{"href":"https:\/\/thebridge.sk\/en\/wp-json\/wp\/v2\/posts"}],"about":[{"href":"https:\/\/thebridge.sk\/en\/wp-json\/wp\/v2\/types\/post"}],"author":[{"embeddable":true,"href":"https:\/\/thebridge.sk\/en\/wp-json\/wp\/v2\/users\/8"}],"replies":[{"embeddable":true,"href":"https:\/\/thebridge.sk\/en\/wp-json\/wp\/v2\/comments?post=26256"}],"version-history":[{"count":1,"href":"https:\/\/thebridge.sk\/en\/wp-json\/wp\/v2\/posts\/26256\/revisions"}],"predecessor-version":[{"id":26259,"href":"https:\/\/thebridge.sk\/en\/wp-json\/wp\/v2\/posts\/26256\/revisions\/26259"}],"wp:featuredmedia":[{"embeddable":true,"href":"https:\/\/thebridge.sk\/en\/wp-json\/wp\/v2\/media\/26257"}],"wp:attachment":[{"href":"https:\/\/thebridge.sk\/en\/wp-json\/wp\/v2\/media?parent=26256"}],"wp:term":[{"taxonomy":"category","embeddable":true,"href":"https:\/\/thebridge.sk\/en\/wp-json\/wp\/v2\/categories?post=26256"},{"taxonomy":"post_tag","embeddable":true,"href":"https:\/\/thebridge.sk\/en\/wp-json\/wp\/v2\/tags?post=26256"}],"curies":[{"name":"wp","href":"https:\/\/api.w.org\/{rel}","templated":true}]}}