
{"id":25799,"date":"2025-08-11T16:54:25","date_gmt":"2025-08-11T14:54:25","guid":{"rendered":"https:\/\/thebridge.sk\/?p=25799"},"modified":"2026-03-11T15:13:15","modified_gmt":"2026-03-11T14:13:15","slug":"if-we-want-to-achieve-change-we-must-support-each-other-and-cooperate","status":"publish","type":"post","link":"https:\/\/thebridge.sk\/en\/if-we-want-to-achieve-change-we-must-support-each-other-and-cooperate\/","title":{"rendered":"If we want to achieve change, we must support each other and cooperate"},"content":{"rendered":"<p>Rada Pa\u0161\u0161\u00e1kov\u00e1, Green Ambassador at our language school, visited an organisation in Helsinki, dealing with environmental education. What did she learn during her stay within the Erasmus+ program? And what has she implemented in the everyday life of the school since then? Read the interview below and find out.<\/p><h3 class=\"wp-block-heading\"><strong>How did the idea to participate in a short-term mobility program in Finland come about?<\/strong><\/h3><p>As the Green Ambassador representing our school, I wanted to gain new inspiration and practical experience in how other organizations address environmental issues. Nordic countries are considered to be leaders in ecological approaches, so Finland was an obvious choice for me. My goal was to explore their approach to environmental education and bring these insights back to our school.<\/p><h3 class=\"wp-block-heading\"><strong>What was your stay like?<\/strong><\/h3><p>The job shadowing lasted two days, with two additional travel days. During the travel days, I had the opportunity to admire the country\u2019s beauty and immerse myself in the local culture a bit, which helped me understand the broader context of their environmental approaches. The remaining two days were spent at the Environmental School Polku, where I observed trainers working in schools and workshops and discussed their mission and educational programs. I also visited the Helsinki recycling centre, which is connected to Polku. There, I saw how items considered waste are repaired, reused, and sold in secondhand shops.<\/p><h3 class=\"wp-block-heading\"><strong>What impressed you most during the mobility?<\/strong><\/h3><p>I was fascinated by their ability to connect environmental themes with the community. They teach people that solving environmental problems is not just an individual effort but a collective responsibility of society. I was inspired by how their educational programs engage not only participants but also the wider community\u2014through projects such as community gardens, workshops, and discussions.<\/p><p>Another highlight was observing the trainers and their skill in transforming complex ecological topics into understandable and practical activities. This approach is particularly effective when working with adults, who often need clear and concrete examples to relate to and apply the concepts in their daily lives.<\/p><section  class=\"py-16\" id=\"\">\n  <div class=\"container\">\n\n    \n           <div class=\"items-center relative flex\" x-data=\"{swiper: null}\"\n           x-init=\"swiper = new Swiper($refs.container, {\n            slidesPerView: 1,\n            spaceBetween: 20,\n            navigation: {\n             nextEl:  $refs.prev,\n              prevEl: $refs.next,\n              disabledClass: 'opacity-20',\n            },\n            breakpoints: {\n              900: {\n                slidesPerView: 4,\n              },\n              600: {\n                slidesPerView: 2,\n              },\n            },\n             pagination: {\n              el: $refs.pagination,\n            },\n          })\"\n      >\n        <div class=\"swipper overflow-hidden \" x-ref=\"container\">\n          <div class=\"swiper-wrapper\">\n                          <div class=\"swiper-slide h-64 rounded-md w-64 bg-center bg-cover\" style=\"background-image: url('https:\/\/thebridge.sk\/wp-content\/uploads\/2025\/08\/9-768x1024.jpg')\">\n              <\/div>\n                          <div class=\"swiper-slide h-64 rounded-md w-64 bg-center bg-cover\" style=\"background-image: url('https:\/\/thebridge.sk\/wp-content\/uploads\/2025\/08\/2-768x1024.jpg')\">\n              <\/div>\n                          <div class=\"swiper-slide h-64 rounded-md w-64 bg-center bg-cover\" style=\"background-image: url('https:\/\/thebridge.sk\/wp-content\/uploads\/2025\/08\/3-768x1024.jpg')\">\n              <\/div>\n                          <div class=\"swiper-slide h-64 rounded-md w-64 bg-center bg-cover\" style=\"background-image: url('https:\/\/thebridge.sk\/wp-content\/uploads\/2025\/08\/4-768x1024.jpg')\">\n              <\/div>\n                          <div class=\"swiper-slide h-64 rounded-md w-64 bg-center bg-cover\" style=\"background-image: url('https:\/\/thebridge.sk\/wp-content\/uploads\/2025\/08\/6-768x1024.jpg')\">\n              <\/div>\n                      <\/div>\n          <div   x-ref=\"pagination\" class=\"slider-pagination text-center visible\"><\/div>\n        <\/div>\n        <div class=\"absolute inset-y-0 hidden left-0 desktop:-left-12 z-10 desktop:flex items-center\" x-ref=\"next\">\n          <svg xmlns=\"http:\/\/www.w3.org\/2000\/svg\" width=\"32\" height=\"32\" viewBox=\"0 0 32 32\" fill=\"none\">\n            <path d=\"M9.83076 16.9998L16.7231 23.8921C16.9214 24.0904 17.0192 24.3225 17.0167 24.5883C17.0141 24.8541 16.9094 25.0904 16.7026 25.2972C16.4957 25.4904 16.2616 25.5904 16 25.5972C15.7385 25.6041 15.5043 25.5041 15.2975 25.2972L6.84366 16.8434C6.71888 16.7186 6.63085 16.587 6.57956 16.4485C6.52827 16.3101 6.50262 16.1605 6.50262 15.9998C6.50262 15.8391 6.52827 15.6896 6.57956 15.5511C6.63085 15.4127 6.71888 15.281 6.84366 15.1562L15.2975 6.70242C15.4821 6.51779 15.7107 6.42335 15.9834 6.41908C16.256 6.41482 16.4957 6.50926 16.7026 6.70242C16.9094 6.90924 17.0128 7.14684 17.0128 7.41522C17.0128 7.68359 16.9094 7.9212 16.7026 8.12802L9.83076 14.9999H25C25.2837 14.9999 25.5213 15.0956 25.7128 15.287C25.9043 15.4785 26 15.7161 26 15.9998C26 16.2836 25.9043 16.5212 25.7128 16.7126C25.5213 16.9041 25.2837 16.9998 25 16.9998H9.83076Z\" fill=\"#0428DC\"\/>\n          <\/svg>\n        <\/div>\n        <div class=\"absolute inset-y-0 hidden right-0 desktop:-right-12 z-10 desktop:flex items-center\"  x-ref=\"prev\">\n          <svg xmlns=\"http:\/\/www.w3.org\/2000\/svg\" width=\"32\" height=\"32\" viewBox=\"0 0 32 32\" fill=\"none\">\n            <path d=\"M22.1692 17H7C6.71624 17 6.47864 16.9043 6.2872 16.7129C6.09573 16.5214 6 16.2838 6 16.0001C6 15.7163 6.09573 15.4787 6.2872 15.2873C6.47864 15.0958 6.71624 15.0001 7 15.0001H22.1692L15.2769 8.10777C15.0786 7.90948 14.9808 7.67744 14.9833 7.41164C14.9859 7.14582 15.0906 6.90949 15.2974 6.70267C15.5043 6.50952 15.7384 6.40952 16 6.40267C16.2615 6.39583 16.4957 6.49583 16.7025 6.70267L25.1563 15.1565C25.2811 15.2813 25.3691 15.4129 25.4204 15.5514C25.4717 15.6898 25.4974 15.8394 25.4974 16.0001C25.4974 16.1608 25.4717 16.3103 25.4204 16.4488C25.3691 16.5872 25.2811 16.7189 25.1563 16.8436L16.7025 25.2975C16.5179 25.4821 16.2893 25.5765 16.0166 25.5808C15.744 25.5851 15.5043 25.4906 15.2974 25.2975C15.0906 25.0907 14.9872 24.853 14.9872 24.5847C14.9872 24.3163 15.0906 24.0787 15.2974 23.8719L22.1692 17Z\" fill=\"#0428DC\"\/>\n          <\/svg>\n        <\/div>\n      <\/div>\n        <\/div>\n<\/section><h3 class=\"wp-block-heading\"><strong>Did the mobility inspire any specific ideas you have already implemented in your school?<\/strong><\/h3><p>Yes, immediately upon returning, we began implementing some changes. For instance, we replaced disposable paper towels in bathrooms with reusable cloth towels. In the kitchen, we switched to more eco-friendly alternatives, like using loofahs instead of traditional dish sponges. We are currently exploring ways to reduce the use of paper textbooks by transitioning to digital study materials.<\/p><p>We have also decided to strengthen the communication of our green values not only among students but also to the wider public. We aim to inspire other schools and organizations to join us on the path toward a more sustainable future.<\/p><h3 class=\"wp-block-heading\"><strong>What were your most significant takeaways from Finland?<\/strong><\/h3><p>Beyond practical insights into ecological solutions, I realized the importance of addressing environmental topics with sensitivity, as not everyone shares the same priorities or views. When working with adults, it\u2019s essential to respect their perspectives and motivations.<\/p><p>I was also reminded that achieving real change requires mutual support and partnerships. I was inspired by the idea of forming collaborations with other organizations and communities. In the future, I would like to establish a partnership with the Bratislava-based organization KOLO, which focuses on similar topics, and provide practical activities for our students.<\/p><p>Finally, I learned a great deal about Finland\u2019s education system, known for its innovative approach and emphasis on practical skills. I also gained a deeper understanding of Finnish values and their way of life, which is closely connected to nature and sustainability.<\/p><h3 class=\"wp-block-heading\"><strong>How would you evaluate the impact of the Erasmus+ program on your personal and professional development?<\/strong><\/h3><p>The Erasmus+ mobility gave me the chance to step out of my daily routine and see things from a completely different perspective. Being in a country where people think differently enriched my professional outlook and allowed me to grow personally.<\/p><h3 class=\"wp-block-heading\"><strong>How has the mobility contributed to the development of your organization?<\/strong><\/h3><p>I brought back specific ideas and proof that greener solutions work in practice. Witnessing Finland\u2019s approach\u2014from bathrooms and kitchens to classrooms\u2014provided compelling arguments for implementing changes at our school, even for the most skeptical colleagues. This experience also revived discussions about environmental topics in our school and reinforced their integration into the curriculum.<\/p><h3 class=\"wp-block-heading\"><strong>What would you say to those who are hesitant about joining the Erasmus+ program?<\/strong><\/h3><p>Go for it! The opportunity to gain new experiences, learn about different cultures, and explore diverse perspectives is invaluable. Even a short stay in another country can open your eyes and bring inspiration that will enhance both your work and personal life.<\/p><section  class=\"py-16\" id=\"\">\n  <div class=\"container\">\n\n    \n           <div class=\"items-center relative flex\" x-data=\"{swiper: null}\"\n           x-init=\"swiper = new Swiper($refs.container, {\n            slidesPerView: 1,\n            spaceBetween: 20,\n            navigation: {\n             nextEl:  $refs.prev,\n              prevEl: $refs.next,\n              disabledClass: 'opacity-20',\n            },\n            breakpoints: {\n              900: {\n                slidesPerView: 4,\n              },\n              600: {\n                slidesPerView: 2,\n              },\n            },\n             pagination: {\n              el: $refs.pagination,\n            },\n          })\"\n      >\n        <div class=\"swipper overflow-hidden \" x-ref=\"container\">\n          <div class=\"swiper-wrapper\">\n                          <div class=\"swiper-slide h-64 rounded-md w-64 bg-center bg-cover\" style=\"background-image: url('https:\/\/thebridge.sk\/wp-content\/uploads\/2025\/08\/1-1024x768.jpg')\">\n              <\/div>\n                          <div class=\"swiper-slide h-64 rounded-md w-64 bg-center bg-cover\" style=\"background-image: url('https:\/\/thebridge.sk\/wp-content\/uploads\/2025\/08\/12-1024x768.jpg')\">\n              <\/div>\n                          <div class=\"swiper-slide h-64 rounded-md w-64 bg-center bg-cover\" style=\"background-image: url('https:\/\/thebridge.sk\/wp-content\/uploads\/2025\/08\/11-1024x768.jpg')\">\n              <\/div>\n                          <div class=\"swiper-slide h-64 rounded-md w-64 bg-center bg-cover\" style=\"background-image: url('https:\/\/thebridge.sk\/wp-content\/uploads\/2025\/08\/10-1024x768.jpg')\">\n              <\/div>\n                          <div class=\"swiper-slide h-64 rounded-md w-64 bg-center bg-cover\" style=\"background-image: url('https:\/\/thebridge.sk\/wp-content\/uploads\/2025\/08\/8-1024x768.jpg')\">\n              <\/div>\n                          <div class=\"swiper-slide h-64 rounded-md w-64 bg-center bg-cover\" style=\"background-image: url('https:\/\/thebridge.sk\/wp-content\/uploads\/2025\/08\/7-1024x768.jpg')\">\n              <\/div>\n                          <div class=\"swiper-slide h-64 rounded-md w-64 bg-center bg-cover\" style=\"background-image: url('https:\/\/thebridge.sk\/wp-content\/uploads\/2025\/08\/5-1024x768.jpg')\">\n              <\/div>\n                      <\/div>\n          <div   x-ref=\"pagination\" class=\"slider-pagination text-center visible\"><\/div>\n        <\/div>\n        <div class=\"absolute inset-y-0 hidden left-0 desktop:-left-12 z-10 desktop:flex items-center\" x-ref=\"next\">\n          <svg xmlns=\"http:\/\/www.w3.org\/2000\/svg\" width=\"32\" height=\"32\" viewBox=\"0 0 32 32\" fill=\"none\">\n            <path d=\"M9.83076 16.9998L16.7231 23.8921C16.9214 24.0904 17.0192 24.3225 17.0167 24.5883C17.0141 24.8541 16.9094 25.0904 16.7026 25.2972C16.4957 25.4904 16.2616 25.5904 16 25.5972C15.7385 25.6041 15.5043 25.5041 15.2975 25.2972L6.84366 16.8434C6.71888 16.7186 6.63085 16.587 6.57956 16.4485C6.52827 16.3101 6.50262 16.1605 6.50262 15.9998C6.50262 15.8391 6.52827 15.6896 6.57956 15.5511C6.63085 15.4127 6.71888 15.281 6.84366 15.1562L15.2975 6.70242C15.4821 6.51779 15.7107 6.42335 15.9834 6.41908C16.256 6.41482 16.4957 6.50926 16.7026 6.70242C16.9094 6.90924 17.0128 7.14684 17.0128 7.41522C17.0128 7.68359 16.9094 7.9212 16.7026 8.12802L9.83076 14.9999H25C25.2837 14.9999 25.5213 15.0956 25.7128 15.287C25.9043 15.4785 26 15.7161 26 15.9998C26 16.2836 25.9043 16.5212 25.7128 16.7126C25.5213 16.9041 25.2837 16.9998 25 16.9998H9.83076Z\" fill=\"#0428DC\"\/>\n          <\/svg>\n        <\/div>\n        <div class=\"absolute inset-y-0 hidden right-0 desktop:-right-12 z-10 desktop:flex items-center\"  x-ref=\"prev\">\n          <svg xmlns=\"http:\/\/www.w3.org\/2000\/svg\" width=\"32\" height=\"32\" viewBox=\"0 0 32 32\" fill=\"none\">\n            <path d=\"M22.1692 17H7C6.71624 17 6.47864 16.9043 6.2872 16.7129C6.09573 16.5214 6 16.2838 6 16.0001C6 15.7163 6.09573 15.4787 6.2872 15.2873C6.47864 15.0958 6.71624 15.0001 7 15.0001H22.1692L15.2769 8.10777C15.0786 7.90948 14.9808 7.67744 14.9833 7.41164C14.9859 7.14582 15.0906 6.90949 15.2974 6.70267C15.5043 6.50952 15.7384 6.40952 16 6.40267C16.2615 6.39583 16.4957 6.49583 16.7025 6.70267L25.1563 15.1565C25.2811 15.2813 25.3691 15.4129 25.4204 15.5514C25.4717 15.6898 25.4974 15.8394 25.4974 16.0001C25.4974 16.1608 25.4717 16.3103 25.4204 16.4488C25.3691 16.5872 25.2811 16.7189 25.1563 16.8436L16.7025 25.2975C16.5179 25.4821 16.2893 25.5765 16.0166 25.5808C15.744 25.5851 15.5043 25.4906 15.2974 25.2975C15.0906 25.0907 14.9872 24.853 14.9872 24.5847C14.9872 24.3163 15.0906 24.0787 15.2974 23.8719L22.1692 17Z\" fill=\"#0428DC\"\/>\n          <\/svg>\n        <\/div>\n      <\/div>\n        <\/div>\n<\/section><p><\/p><p class=\"has-text-align-center\"><em>Edited by: Barbora Gecseov\u00e1 and Kamila Jan\u010d\u00edkov\u00e1<\/em><\/p><figure class=\"wp-block-image size-medium\"><img decoding=\"async\" width=\"300\" height=\"63\" src=\"https:\/\/thebridge.sk\/wp-content\/uploads\/2025\/07\/EN-Co-funded-by-the-EU_PANTONE-1-300x63.jpg\" alt=\"\" class=\"wp-image-25580\" srcset=\"https:\/\/thebridge.sk\/wp-content\/uploads\/2025\/07\/EN-Co-funded-by-the-EU_PANTONE-1-300x63.jpg 300w, https:\/\/thebridge.sk\/wp-content\/uploads\/2025\/07\/EN-Co-funded-by-the-EU_PANTONE-1-1024x215.jpg 1024w, https:\/\/thebridge.sk\/wp-content\/uploads\/2025\/07\/EN-Co-funded-by-the-EU_PANTONE-1-768x161.jpg 768w, https:\/\/thebridge.sk\/wp-content\/uploads\/2025\/07\/EN-Co-funded-by-the-EU_PANTONE-1-1536x322.jpg 1536w, https:\/\/thebridge.sk\/wp-content\/uploads\/2025\/07\/EN-Co-funded-by-the-EU_PANTONE-1-2048x430.jpg 2048w, https:\/\/thebridge.sk\/wp-content\/uploads\/2025\/07\/EN-Co-funded-by-the-EU_PANTONE-1-600x126.jpg 600w\" sizes=\"(max-width: 300px) 100vw, 300px\" \/><\/figure>","protected":false},"excerpt":{"rendered":"<p>Rada Pa\u0161\u0161\u00e1kov\u00e1, Green Ambassador at our language school, visited an organisation in Helsinki, dealing with environmental education. What did she learn during her stay within the Erasmus+ program? And what has she implemented in the everyday life of the school since then? Read the interview below and find out. How did the idea to participate &hellip; <a href=\"https:\/\/thebridge.sk\/en\/if-we-want-to-achieve-change-we-must-support-each-other-and-cooperate\/\">Continued<\/a><\/p>\n","protected":false},"author":8,"featured_media":25795,"comment_status":"closed","ping_status":"closed","sticky":false,"template":"","format":"standard","meta":{"_acf_changed":false,"inline_featured_image":false,"footnotes":""},"categories":[62,321],"tags":[312],"class_list":["post-25799","post","type-post","status-publish","format-standard","has-post-thumbnail","hentry","category-articles","category-erasmus-2","tag-erasmusplus-2"],"acf":[],"yoast_head":"<!-- This site is optimized with the Yoast SEO plugin v27.2 - https:\/\/yoast.com\/product\/yoast-seo-wordpress\/ -->\n<title>If we want to achieve change, we must support each other and cooperate - The Bridge<\/title>\n<meta name=\"robots\" content=\"index, follow, max-snippet:-1, max-image-preview:large, max-video-preview:-1\" \/>\n<link rel=\"canonical\" href=\"https:\/\/thebridge.sk\/en\/if-we-want-to-achieve-change-we-must-support-each-other-and-cooperate\/\" \/>\n<meta property=\"og:locale\" content=\"en_US\" \/>\n<meta property=\"og:type\" content=\"article\" \/>\n<meta property=\"og:title\" content=\"If we want to achieve change, we must support each other and cooperate - The Bridge\" \/>\n<meta property=\"og:description\" content=\"Rada Pa\u0161\u0161\u00e1kov\u00e1, Green Ambassador at our language school, visited an organisation in Helsinki, dealing with environmental education. What did she learn during her stay within the Erasmus+ program? And what has she implemented in the everyday life of the school since then? Read the interview below and find out. How did the idea to participate &hellip; Continued\" \/>\n<meta property=\"og:url\" content=\"https:\/\/thebridge.sk\/en\/if-we-want-to-achieve-change-we-must-support-each-other-and-cooperate\/\" \/>\n<meta property=\"og:site_name\" content=\"The Bridge\" \/>\n<meta property=\"article:published_time\" content=\"2025-08-11T14:54:25+00:00\" \/>\n<meta property=\"article:modified_time\" content=\"2026-03-11T14:13:15+00:00\" \/>\n<meta property=\"og:image\" content=\"https:\/\/thebridge.sk\/wp-content\/uploads\/2025\/08\/rada_blog_erasmus_EN.jpg\" \/>\n\t<meta property=\"og:image:width\" content=\"1200\" \/>\n\t<meta property=\"og:image:height\" content=\"628\" \/>\n\t<meta property=\"og:image:type\" content=\"image\/jpeg\" \/>\n<meta name=\"author\" content=\"Klaudia Bedn\u00e1rov\u00e1\" \/>\n<meta name=\"twitter:card\" content=\"summary_large_image\" \/>\n<meta name=\"twitter:label1\" content=\"Written by\" \/>\n\t<meta name=\"twitter:data1\" content=\"Klaudia Bedn\u00e1rov\u00e1\" \/>\n\t<meta name=\"twitter:label2\" content=\"Est. reading time\" \/>\n\t<meta name=\"twitter:data2\" content=\"5 minutes\" \/>\n<script type=\"application\/ld+json\" class=\"yoast-schema-graph\">{\"@context\":\"https:\/\/schema.org\",\"@graph\":[{\"@type\":\"Article\",\"@id\":\"https:\/\/thebridge.sk\/en\/if-we-want-to-achieve-change-we-must-support-each-other-and-cooperate\/#article\",\"isPartOf\":{\"@id\":\"https:\/\/thebridge.sk\/en\/if-we-want-to-achieve-change-we-must-support-each-other-and-cooperate\/\"},\"author\":{\"name\":\"Klaudia Bedn\u00e1rov\u00e1\",\"@id\":\"https:\/\/thebridge.sk\/#\/schema\/person\/a1bd646e6b208a6e2e521ce887cbf294\"},\"headline\":\"If we want to achieve change, we must support each other and cooperate\",\"datePublished\":\"2025-08-11T14:54:25+00:00\",\"dateModified\":\"2026-03-11T14:13:15+00:00\",\"mainEntityOfPage\":{\"@id\":\"https:\/\/thebridge.sk\/en\/if-we-want-to-achieve-change-we-must-support-each-other-and-cooperate\/\"},\"wordCount\":794,\"publisher\":{\"@id\":\"https:\/\/thebridge.sk\/#organization\"},\"image\":{\"@id\":\"https:\/\/thebridge.sk\/en\/if-we-want-to-achieve-change-we-must-support-each-other-and-cooperate\/#primaryimage\"},\"thumbnailUrl\":\"https:\/\/thebridge.sk\/wp-content\/uploads\/2025\/08\/rada_blog_erasmus_EN.jpg\",\"keywords\":[\"erasmusplus\"],\"articleSection\":[\"Articles\",\"Erasmus+\"],\"inLanguage\":\"en-US\"},{\"@type\":\"WebPage\",\"@id\":\"https:\/\/thebridge.sk\/en\/if-we-want-to-achieve-change-we-must-support-each-other-and-cooperate\/\",\"url\":\"https:\/\/thebridge.sk\/en\/if-we-want-to-achieve-change-we-must-support-each-other-and-cooperate\/\",\"name\":\"If we want to achieve change, we must support each other and cooperate - The Bridge\",\"isPartOf\":{\"@id\":\"https:\/\/thebridge.sk\/#website\"},\"primaryImageOfPage\":{\"@id\":\"https:\/\/thebridge.sk\/en\/if-we-want-to-achieve-change-we-must-support-each-other-and-cooperate\/#primaryimage\"},\"image\":{\"@id\":\"https:\/\/thebridge.sk\/en\/if-we-want-to-achieve-change-we-must-support-each-other-and-cooperate\/#primaryimage\"},\"thumbnailUrl\":\"https:\/\/thebridge.sk\/wp-content\/uploads\/2025\/08\/rada_blog_erasmus_EN.jpg\",\"datePublished\":\"2025-08-11T14:54:25+00:00\",\"dateModified\":\"2026-03-11T14:13:15+00:00\",\"breadcrumb\":{\"@id\":\"https:\/\/thebridge.sk\/en\/if-we-want-to-achieve-change-we-must-support-each-other-and-cooperate\/#breadcrumb\"},\"inLanguage\":\"en-US\",\"potentialAction\":[{\"@type\":\"ReadAction\",\"target\":[\"https:\/\/thebridge.sk\/en\/if-we-want-to-achieve-change-we-must-support-each-other-and-cooperate\/\"]}]},{\"@type\":\"ImageObject\",\"inLanguage\":\"en-US\",\"@id\":\"https:\/\/thebridge.sk\/en\/if-we-want-to-achieve-change-we-must-support-each-other-and-cooperate\/#primaryimage\",\"url\":\"https:\/\/thebridge.sk\/wp-content\/uploads\/2025\/08\/rada_blog_erasmus_EN.jpg\",\"contentUrl\":\"https:\/\/thebridge.sk\/wp-content\/uploads\/2025\/08\/rada_blog_erasmus_EN.jpg\",\"width\":1200,\"height\":628},{\"@type\":\"BreadcrumbList\",\"@id\":\"https:\/\/thebridge.sk\/en\/if-we-want-to-achieve-change-we-must-support-each-other-and-cooperate\/#breadcrumb\",\"itemListElement\":[{\"@type\":\"ListItem\",\"position\":1,\"name\":\"The Bridge\",\"item\":\"https:\/\/thebridge.sk\/en\/\"},{\"@type\":\"ListItem\",\"position\":2,\"name\":\"If we want to achieve change, we must support each other and cooperate\"}]},{\"@type\":\"WebSite\",\"@id\":\"https:\/\/thebridge.sk\/#website\",\"url\":\"https:\/\/thebridge.sk\/\",\"name\":\"The Bridge\",\"description\":\"\",\"publisher\":{\"@id\":\"https:\/\/thebridge.sk\/#organization\"},\"potentialAction\":[{\"@type\":\"SearchAction\",\"target\":{\"@type\":\"EntryPoint\",\"urlTemplate\":\"https:\/\/thebridge.sk\/?s={search_term_string}\"},\"query-input\":{\"@type\":\"PropertyValueSpecification\",\"valueRequired\":true,\"valueName\":\"search_term_string\"}}],\"inLanguage\":\"en-US\"},{\"@type\":\"Organization\",\"@id\":\"https:\/\/thebridge.sk\/#organization\",\"name\":\"the Bridge\",\"url\":\"https:\/\/thebridge.sk\/\",\"logo\":{\"@type\":\"ImageObject\",\"inLanguage\":\"en-US\",\"@id\":\"https:\/\/thebridge.sk\/#\/schema\/logo\/image\/\",\"url\":\"https:\/\/thebridge.sk\/wp-content\/uploads\/2022\/09\/91983323_3231649653512263_3585232510205820928_n.png\",\"contentUrl\":\"https:\/\/thebridge.sk\/wp-content\/uploads\/2022\/09\/91983323_3231649653512263_3585232510205820928_n.png\",\"width\":800,\"height\":800,\"caption\":\"the Bridge\"},\"image\":{\"@id\":\"https:\/\/thebridge.sk\/#\/schema\/logo\/image\/\"}},{\"@type\":\"Person\",\"@id\":\"https:\/\/thebridge.sk\/#\/schema\/person\/a1bd646e6b208a6e2e521ce887cbf294\",\"name\":\"Klaudia Bedn\u00e1rov\u00e1\",\"image\":{\"@type\":\"ImageObject\",\"inLanguage\":\"en-US\",\"@id\":\"https:\/\/secure.gravatar.com\/avatar\/10d0fe9dfabdfda2298ba9ef91be1c0d5fb288bf9dbbe34e2866353f410d37ed?s=96&d=mm&r=g\",\"url\":\"https:\/\/secure.gravatar.com\/avatar\/10d0fe9dfabdfda2298ba9ef91be1c0d5fb288bf9dbbe34e2866353f410d37ed?s=96&d=mm&r=g\",\"contentUrl\":\"https:\/\/secure.gravatar.com\/avatar\/10d0fe9dfabdfda2298ba9ef91be1c0d5fb288bf9dbbe34e2866353f410d37ed?s=96&d=mm&r=g\",\"caption\":\"Klaudia Bedn\u00e1rov\u00e1\"},\"url\":\"https:\/\/thebridge.sk\/en\/author\/klaudia\/\"}]}<\/script>\n<!-- \/ Yoast SEO plugin. -->","yoast_head_json":{"title":"If we want to achieve change, we must support each other and cooperate - The Bridge","robots":{"index":"index","follow":"follow","max-snippet":"max-snippet:-1","max-image-preview":"max-image-preview:large","max-video-preview":"max-video-preview:-1"},"canonical":"https:\/\/thebridge.sk\/en\/if-we-want-to-achieve-change-we-must-support-each-other-and-cooperate\/","og_locale":"en_US","og_type":"article","og_title":"If we want to achieve change, we must support each other and cooperate - The Bridge","og_description":"Rada Pa\u0161\u0161\u00e1kov\u00e1, Green Ambassador at our language school, visited an organisation in Helsinki, dealing with environmental education. What did she learn during her stay within the Erasmus+ program? And what has she implemented in the everyday life of the school since then? Read the interview below and find out. How did the idea to participate &hellip; Continued","og_url":"https:\/\/thebridge.sk\/en\/if-we-want-to-achieve-change-we-must-support-each-other-and-cooperate\/","og_site_name":"The Bridge","article_published_time":"2025-08-11T14:54:25+00:00","article_modified_time":"2026-03-11T14:13:15+00:00","og_image":[{"width":1200,"height":628,"url":"https:\/\/thebridge.sk\/wp-content\/uploads\/2025\/08\/rada_blog_erasmus_EN.jpg","type":"image\/jpeg"}],"author":"Klaudia Bedn\u00e1rov\u00e1","twitter_card":"summary_large_image","twitter_misc":{"Written by":"Klaudia Bedn\u00e1rov\u00e1","Est. reading time":"5 minutes"},"schema":{"@context":"https:\/\/schema.org","@graph":[{"@type":"Article","@id":"https:\/\/thebridge.sk\/en\/if-we-want-to-achieve-change-we-must-support-each-other-and-cooperate\/#article","isPartOf":{"@id":"https:\/\/thebridge.sk\/en\/if-we-want-to-achieve-change-we-must-support-each-other-and-cooperate\/"},"author":{"name":"Klaudia Bedn\u00e1rov\u00e1","@id":"https:\/\/thebridge.sk\/#\/schema\/person\/a1bd646e6b208a6e2e521ce887cbf294"},"headline":"If we want to achieve change, we must support each other and cooperate","datePublished":"2025-08-11T14:54:25+00:00","dateModified":"2026-03-11T14:13:15+00:00","mainEntityOfPage":{"@id":"https:\/\/thebridge.sk\/en\/if-we-want-to-achieve-change-we-must-support-each-other-and-cooperate\/"},"wordCount":794,"publisher":{"@id":"https:\/\/thebridge.sk\/#organization"},"image":{"@id":"https:\/\/thebridge.sk\/en\/if-we-want-to-achieve-change-we-must-support-each-other-and-cooperate\/#primaryimage"},"thumbnailUrl":"https:\/\/thebridge.sk\/wp-content\/uploads\/2025\/08\/rada_blog_erasmus_EN.jpg","keywords":["erasmusplus"],"articleSection":["Articles","Erasmus+"],"inLanguage":"en-US"},{"@type":"WebPage","@id":"https:\/\/thebridge.sk\/en\/if-we-want-to-achieve-change-we-must-support-each-other-and-cooperate\/","url":"https:\/\/thebridge.sk\/en\/if-we-want-to-achieve-change-we-must-support-each-other-and-cooperate\/","name":"If we want to achieve change, we must support each other and cooperate - The Bridge","isPartOf":{"@id":"https:\/\/thebridge.sk\/#website"},"primaryImageOfPage":{"@id":"https:\/\/thebridge.sk\/en\/if-we-want-to-achieve-change-we-must-support-each-other-and-cooperate\/#primaryimage"},"image":{"@id":"https:\/\/thebridge.sk\/en\/if-we-want-to-achieve-change-we-must-support-each-other-and-cooperate\/#primaryimage"},"thumbnailUrl":"https:\/\/thebridge.sk\/wp-content\/uploads\/2025\/08\/rada_blog_erasmus_EN.jpg","datePublished":"2025-08-11T14:54:25+00:00","dateModified":"2026-03-11T14:13:15+00:00","breadcrumb":{"@id":"https:\/\/thebridge.sk\/en\/if-we-want-to-achieve-change-we-must-support-each-other-and-cooperate\/#breadcrumb"},"inLanguage":"en-US","potentialAction":[{"@type":"ReadAction","target":["https:\/\/thebridge.sk\/en\/if-we-want-to-achieve-change-we-must-support-each-other-and-cooperate\/"]}]},{"@type":"ImageObject","inLanguage":"en-US","@id":"https:\/\/thebridge.sk\/en\/if-we-want-to-achieve-change-we-must-support-each-other-and-cooperate\/#primaryimage","url":"https:\/\/thebridge.sk\/wp-content\/uploads\/2025\/08\/rada_blog_erasmus_EN.jpg","contentUrl":"https:\/\/thebridge.sk\/wp-content\/uploads\/2025\/08\/rada_blog_erasmus_EN.jpg","width":1200,"height":628},{"@type":"BreadcrumbList","@id":"https:\/\/thebridge.sk\/en\/if-we-want-to-achieve-change-we-must-support-each-other-and-cooperate\/#breadcrumb","itemListElement":[{"@type":"ListItem","position":1,"name":"The Bridge","item":"https:\/\/thebridge.sk\/en\/"},{"@type":"ListItem","position":2,"name":"If we want to achieve change, we must support each other and cooperate"}]},{"@type":"WebSite","@id":"https:\/\/thebridge.sk\/#website","url":"https:\/\/thebridge.sk\/","name":"The Bridge","description":"","publisher":{"@id":"https:\/\/thebridge.sk\/#organization"},"potentialAction":[{"@type":"SearchAction","target":{"@type":"EntryPoint","urlTemplate":"https:\/\/thebridge.sk\/?s={search_term_string}"},"query-input":{"@type":"PropertyValueSpecification","valueRequired":true,"valueName":"search_term_string"}}],"inLanguage":"en-US"},{"@type":"Organization","@id":"https:\/\/thebridge.sk\/#organization","name":"the Bridge","url":"https:\/\/thebridge.sk\/","logo":{"@type":"ImageObject","inLanguage":"en-US","@id":"https:\/\/thebridge.sk\/#\/schema\/logo\/image\/","url":"https:\/\/thebridge.sk\/wp-content\/uploads\/2022\/09\/91983323_3231649653512263_3585232510205820928_n.png","contentUrl":"https:\/\/thebridge.sk\/wp-content\/uploads\/2022\/09\/91983323_3231649653512263_3585232510205820928_n.png","width":800,"height":800,"caption":"the Bridge"},"image":{"@id":"https:\/\/thebridge.sk\/#\/schema\/logo\/image\/"}},{"@type":"Person","@id":"https:\/\/thebridge.sk\/#\/schema\/person\/a1bd646e6b208a6e2e521ce887cbf294","name":"Klaudia Bedn\u00e1rov\u00e1","image":{"@type":"ImageObject","inLanguage":"en-US","@id":"https:\/\/secure.gravatar.com\/avatar\/10d0fe9dfabdfda2298ba9ef91be1c0d5fb288bf9dbbe34e2866353f410d37ed?s=96&d=mm&r=g","url":"https:\/\/secure.gravatar.com\/avatar\/10d0fe9dfabdfda2298ba9ef91be1c0d5fb288bf9dbbe34e2866353f410d37ed?s=96&d=mm&r=g","contentUrl":"https:\/\/secure.gravatar.com\/avatar\/10d0fe9dfabdfda2298ba9ef91be1c0d5fb288bf9dbbe34e2866353f410d37ed?s=96&d=mm&r=g","caption":"Klaudia Bedn\u00e1rov\u00e1"},"url":"https:\/\/thebridge.sk\/en\/author\/klaudia\/"}]}},"_links":{"self":[{"href":"https:\/\/thebridge.sk\/en\/wp-json\/wp\/v2\/posts\/25799","targetHints":{"allow":["GET"]}}],"collection":[{"href":"https:\/\/thebridge.sk\/en\/wp-json\/wp\/v2\/posts"}],"about":[{"href":"https:\/\/thebridge.sk\/en\/wp-json\/wp\/v2\/types\/post"}],"author":[{"embeddable":true,"href":"https:\/\/thebridge.sk\/en\/wp-json\/wp\/v2\/users\/8"}],"replies":[{"embeddable":true,"href":"https:\/\/thebridge.sk\/en\/wp-json\/wp\/v2\/comments?post=25799"}],"version-history":[{"count":1,"href":"https:\/\/thebridge.sk\/en\/wp-json\/wp\/v2\/posts\/25799\/revisions"}],"predecessor-version":[{"id":25800,"href":"https:\/\/thebridge.sk\/en\/wp-json\/wp\/v2\/posts\/25799\/revisions\/25800"}],"wp:featuredmedia":[{"embeddable":true,"href":"https:\/\/thebridge.sk\/en\/wp-json\/wp\/v2\/media\/25795"}],"wp:attachment":[{"href":"https:\/\/thebridge.sk\/en\/wp-json\/wp\/v2\/media?parent=25799"}],"wp:term":[{"taxonomy":"category","embeddable":true,"href":"https:\/\/thebridge.sk\/en\/wp-json\/wp\/v2\/categories?post=25799"},{"taxonomy":"post_tag","embeddable":true,"href":"https:\/\/thebridge.sk\/en\/wp-json\/wp\/v2\/tags?post=25799"}],"curies":[{"name":"wp","href":"https:\/\/api.w.org\/{rel}","templated":true}]}}