
{"id":25577,"date":"2025-07-09T08:32:26","date_gmt":"2025-07-09T06:32:26","guid":{"rendered":"https:\/\/thebridge.sk\/?p=25577"},"modified":"2026-03-11T15:16:30","modified_gmt":"2026-03-11T14:16:30","slug":"erasmusplus-in-rome-when-sharing-experience-is-about-people","status":"publish","type":"post","link":"https:\/\/thebridge.sk\/en\/erasmusplus-in-rome-when-sharing-experience-is-about-people\/","title":{"rendered":"Erasmus+ in Rome: When sharing experience is about people"},"content":{"rendered":"<p>When your work combines with your enthusiasm, and the country where you are at the moment puts a smile on your face every day: that&#8217;s when you know you&#8217;re in the right place.<\/p><p>There are days you will simply remember forever. Morning sun against the stone walls of historic buildings, the smell of a fresh croissant with pistachio filling, and a small and perfectly strong espresso: this is how each of my three days in the Italian capital of Rome began. Calmly, pleasantly, and with a sense that something interesting was awaiting me. And indeed it was.<\/p><figure class=\"wp-block-image size-large\"><img decoding=\"async\" width=\"1024\" height=\"768\" src=\"https:\/\/thebridge.sk\/wp-content\/uploads\/2025\/07\/3-1024x768.jpg\" alt=\"\" class=\"wp-image-25565\" srcset=\"https:\/\/thebridge.sk\/wp-content\/uploads\/2025\/07\/3-1024x768.jpg 1024w, https:\/\/thebridge.sk\/wp-content\/uploads\/2025\/07\/3-300x225.jpg 300w, https:\/\/thebridge.sk\/wp-content\/uploads\/2025\/07\/3-768x576.jpg 768w, https:\/\/thebridge.sk\/wp-content\/uploads\/2025\/07\/3-1536x1152.jpg 1536w, https:\/\/thebridge.sk\/wp-content\/uploads\/2025\/07\/3-600x450.jpg 600w, https:\/\/thebridge.sk\/wp-content\/uploads\/2025\/07\/3.jpg 2000w\" sizes=\"(max-width: 1024px) 100vw, 1024px\" \/><\/figure><p>As part of the Erasmus+ program, I had the opportunity to go for job shadowing and spent time at the language school Accademia Britannica &#8211; International House Roma. I met Claudia and Zack, who are in charge of external language courses for companies and schools. We shared our experience, compared approaches in communicating with companies and inspired each other on how to create a value from language training. <\/p><figure class=\"wp-block-image size-large\"><img decoding=\"async\" width=\"1024\" height=\"768\" src=\"https:\/\/thebridge.sk\/wp-content\/uploads\/2025\/07\/5-1024x768.jpg\" alt=\"\" class=\"wp-image-25561\" srcset=\"https:\/\/thebridge.sk\/wp-content\/uploads\/2025\/07\/5-1024x768.jpg 1024w, https:\/\/thebridge.sk\/wp-content\/uploads\/2025\/07\/5-300x225.jpg 300w, https:\/\/thebridge.sk\/wp-content\/uploads\/2025\/07\/5-768x576.jpg 768w, https:\/\/thebridge.sk\/wp-content\/uploads\/2025\/07\/5-1536x1152.jpg 1536w, https:\/\/thebridge.sk\/wp-content\/uploads\/2025\/07\/5-600x450.jpg 600w, https:\/\/thebridge.sk\/wp-content\/uploads\/2025\/07\/5.jpg 2016w\" sizes=\"(max-width: 1024px) 100vw, 1024px\" \/><\/figure><p>For me, it was very enjoyable to meet people who share a common goal &#8211; to continuously improve what we do while having the opportunity to learn from others. Thank you to Claudia and Zack for finding gaps in their busy schedules. I know that within course organisation, days can be pretty full. So I really appreciate all the hours they found for me.<\/p><figure class=\"wp-block-image size-large\"><img decoding=\"async\" width=\"1024\" height=\"896\" src=\"https:\/\/thebridge.sk\/wp-content\/uploads\/2025\/07\/7-1024x896.jpg\" alt=\"\" class=\"wp-image-25563\" srcset=\"https:\/\/thebridge.sk\/wp-content\/uploads\/2025\/07\/7-1024x896.jpg 1024w, https:\/\/thebridge.sk\/wp-content\/uploads\/2025\/07\/7-300x263.jpg 300w, https:\/\/thebridge.sk\/wp-content\/uploads\/2025\/07\/7-768x672.jpg 768w, https:\/\/thebridge.sk\/wp-content\/uploads\/2025\/07\/7-600x525.jpg 600w, https:\/\/thebridge.sk\/wp-content\/uploads\/2025\/07\/7.jpg 1512w\" sizes=\"(max-width: 1024px) 100vw, 1024px\" \/><\/figure><p>I realized that many of the problems I face at home in Slovakia are similar to those in Italy.&nbsp; It was nice to exchange ideas, approaches and practical solutions with people who are on the same wave.<\/p><p>I am also grateful to my colleague Marco, one of our teachers at The Bridge, who recommended this school to me. Thanks to him, I discovered another place where expertise is combined with a human and friendly approach.<\/p><p>I returned home not only with a piece of Italian sunshine in my soul, but also with inspiration and a confirmed conviction that quality language education is irreplaceable. And that the people who create it are the ones who also make the world a little bit more beautiful.<\/p><section  class=\"py-16\" id=\"\">\n  <div class=\"container\">\n\n    \n           <div class=\"items-center relative flex\" x-data=\"{swiper: null}\"\n           x-init=\"swiper = new Swiper($refs.container, {\n            slidesPerView: 1,\n            spaceBetween: 20,\n            navigation: {\n             nextEl:  $refs.prev,\n              prevEl: $refs.next,\n              disabledClass: 'opacity-20',\n            },\n            breakpoints: {\n              900: {\n                slidesPerView: 4,\n              },\n              600: {\n                slidesPerView: 2,\n              },\n            },\n             pagination: {\n              el: $refs.pagination,\n            },\n          })\"\n      >\n        <div class=\"swipper overflow-hidden \" x-ref=\"container\">\n          <div class=\"swiper-wrapper\">\n                          <div class=\"swiper-slide h-64 rounded-md w-64 bg-center bg-cover\" style=\"background-image: url('https:\/\/thebridge.sk\/wp-content\/uploads\/2025\/07\/1-768x1024.jpg')\">\n              <\/div>\n                          <div class=\"swiper-slide h-64 rounded-md w-64 bg-center bg-cover\" style=\"background-image: url('https:\/\/thebridge.sk\/wp-content\/uploads\/2025\/07\/2-768x1024.jpg')\">\n              <\/div>\n                          <div class=\"swiper-slide h-64 rounded-md w-64 bg-center bg-cover\" style=\"background-image: url('https:\/\/thebridge.sk\/wp-content\/uploads\/2025\/07\/4-768x1024.jpg')\">\n              <\/div>\n                          <div class=\"swiper-slide h-64 rounded-md w-64 bg-center bg-cover\" style=\"background-image: url('https:\/\/thebridge.sk\/wp-content\/uploads\/2025\/07\/6-768x1024.jpg')\">\n              <\/div>\n                      <\/div>\n          <div   x-ref=\"pagination\" class=\"slider-pagination text-center visible\"><\/div>\n        <\/div>\n        <div class=\"absolute inset-y-0 hidden left-0 desktop:-left-12 z-10 desktop:flex items-center\" x-ref=\"next\">\n          <svg xmlns=\"http:\/\/www.w3.org\/2000\/svg\" width=\"32\" height=\"32\" viewBox=\"0 0 32 32\" fill=\"none\">\n            <path d=\"M9.83076 16.9998L16.7231 23.8921C16.9214 24.0904 17.0192 24.3225 17.0167 24.5883C17.0141 24.8541 16.9094 25.0904 16.7026 25.2972C16.4957 25.4904 16.2616 25.5904 16 25.5972C15.7385 25.6041 15.5043 25.5041 15.2975 25.2972L6.84366 16.8434C6.71888 16.7186 6.63085 16.587 6.57956 16.4485C6.52827 16.3101 6.50262 16.1605 6.50262 15.9998C6.50262 15.8391 6.52827 15.6896 6.57956 15.5511C6.63085 15.4127 6.71888 15.281 6.84366 15.1562L15.2975 6.70242C15.4821 6.51779 15.7107 6.42335 15.9834 6.41908C16.256 6.41482 16.4957 6.50926 16.7026 6.70242C16.9094 6.90924 17.0128 7.14684 17.0128 7.41522C17.0128 7.68359 16.9094 7.9212 16.7026 8.12802L9.83076 14.9999H25C25.2837 14.9999 25.5213 15.0956 25.7128 15.287C25.9043 15.4785 26 15.7161 26 15.9998C26 16.2836 25.9043 16.5212 25.7128 16.7126C25.5213 16.9041 25.2837 16.9998 25 16.9998H9.83076Z\" fill=\"#0428DC\"\/>\n          <\/svg>\n        <\/div>\n        <div class=\"absolute inset-y-0 hidden right-0 desktop:-right-12 z-10 desktop:flex items-center\"  x-ref=\"prev\">\n          <svg xmlns=\"http:\/\/www.w3.org\/2000\/svg\" width=\"32\" height=\"32\" viewBox=\"0 0 32 32\" fill=\"none\">\n            <path d=\"M22.1692 17H7C6.71624 17 6.47864 16.9043 6.2872 16.7129C6.09573 16.5214 6 16.2838 6 16.0001C6 15.7163 6.09573 15.4787 6.2872 15.2873C6.47864 15.0958 6.71624 15.0001 7 15.0001H22.1692L15.2769 8.10777C15.0786 7.90948 14.9808 7.67744 14.9833 7.41164C14.9859 7.14582 15.0906 6.90949 15.2974 6.70267C15.5043 6.50952 15.7384 6.40952 16 6.40267C16.2615 6.39583 16.4957 6.49583 16.7025 6.70267L25.1563 15.1565C25.2811 15.2813 25.3691 15.4129 25.4204 15.5514C25.4717 15.6898 25.4974 15.8394 25.4974 16.0001C25.4974 16.1608 25.4717 16.3103 25.4204 16.4488C25.3691 16.5872 25.2811 16.7189 25.1563 16.8436L16.7025 25.2975C16.5179 25.4821 16.2893 25.5765 16.0166 25.5808C15.744 25.5851 15.5043 25.4906 15.2974 25.2975C15.0906 25.0907 14.9872 24.853 14.9872 24.5847C14.9872 24.3163 15.0906 24.0787 15.2974 23.8719L22.1692 17Z\" fill=\"#0428DC\"\/>\n          <\/svg>\n        <\/div>\n      <\/div>\n        <\/div>\n<\/section><p class=\"has-text-align-center\"><em>Edited by: Kamila Jan\u010d\u00edkov\u00e1 \/ Text and photos: Tatiana \u010ci\u010dila<\/em><\/p><figure class=\"wp-block-image size-medium\"><img decoding=\"async\" width=\"300\" height=\"63\" src=\"https:\/\/thebridge.sk\/wp-content\/uploads\/2025\/07\/EN-Co-funded-by-the-EU_PANTONE-1-300x63.jpg\" alt=\"\" class=\"wp-image-25580\" srcset=\"https:\/\/thebridge.sk\/wp-content\/uploads\/2025\/07\/EN-Co-funded-by-the-EU_PANTONE-1-300x63.jpg 300w, https:\/\/thebridge.sk\/wp-content\/uploads\/2025\/07\/EN-Co-funded-by-the-EU_PANTONE-1-1024x215.jpg 1024w, https:\/\/thebridge.sk\/wp-content\/uploads\/2025\/07\/EN-Co-funded-by-the-EU_PANTONE-1-768x161.jpg 768w, https:\/\/thebridge.sk\/wp-content\/uploads\/2025\/07\/EN-Co-funded-by-the-EU_PANTONE-1-1536x322.jpg 1536w, https:\/\/thebridge.sk\/wp-content\/uploads\/2025\/07\/EN-Co-funded-by-the-EU_PANTONE-1-2048x430.jpg 2048w, https:\/\/thebridge.sk\/wp-content\/uploads\/2025\/07\/EN-Co-funded-by-the-EU_PANTONE-1-600x126.jpg 600w\" sizes=\"(max-width: 300px) 100vw, 300px\" \/><\/figure><p>Funded by the European Union. Views and opinions expressed are however those of the author(s) only and do not necessarily reflect those of the European Union or the European Education and Culture Executive Agency (EACEA). Neither the European Union nor EACEA can be held responsible for them.<\/p>","protected":false},"excerpt":{"rendered":"<p>When sharing experience is about people, memories are made, says Tatiana \u010ci\u010dilla, corporate courses manager at The Bridge, in her blog about job shadowing within Erasmus+ in Rome.<\/p>\n","protected":false},"author":8,"featured_media":25557,"comment_status":"closed","ping_status":"closed","sticky":false,"template":"","format":"standard","meta":{"_acf_changed":false,"inline_featured_image":false,"footnotes":""},"categories":[62,321],"tags":[],"class_list":["post-25577","post","type-post","status-publish","format-standard","has-post-thumbnail","hentry","category-articles","category-erasmus-2"],"acf":[],"yoast_head":"<!-- This site is optimized with the Yoast SEO plugin v27.2 - https:\/\/yoast.com\/product\/yoast-seo-wordpress\/ -->\n<title>Erasmus+ in Rome: When sharing experience is about people - The Bridge<\/title>\n<meta name=\"description\" content=\"When sharing experience is about people, memories are made, says Tatiana \u010ci\u010dilla, corporate courses manager at The Bridge, in her blog about job shadowing within Erasmus+ in Rome.\" \/>\n<meta name=\"robots\" content=\"index, follow, max-snippet:-1, max-image-preview:large, max-video-preview:-1\" \/>\n<link rel=\"canonical\" href=\"https:\/\/thebridge.sk\/en\/erasmusplus-in-rome-when-sharing-experience-is-about-people\/\" \/>\n<meta property=\"og:locale\" content=\"en_US\" \/>\n<meta property=\"og:type\" content=\"article\" \/>\n<meta property=\"og:title\" content=\"Erasmus+ in Rome: When sharing experience is about people - The Bridge\" \/>\n<meta property=\"og:description\" content=\"When sharing experience is about people, memories are made, says Tatiana \u010ci\u010dilla, corporate courses manager at The Bridge, in her blog about job shadowing within Erasmus+ in Rome.\" \/>\n<meta property=\"og:url\" content=\"https:\/\/thebridge.sk\/en\/erasmusplus-in-rome-when-sharing-experience-is-about-people\/\" \/>\n<meta property=\"og:site_name\" content=\"The Bridge\" \/>\n<meta property=\"article:published_time\" content=\"2025-07-09T06:32:26+00:00\" \/>\n<meta property=\"article:modified_time\" content=\"2026-03-11T14:16:30+00:00\" \/>\n<meta property=\"og:image\" content=\"https:\/\/thebridge.sk\/wp-content\/uploads\/2025\/07\/tana_blog_EN.jpg\" \/>\n\t<meta property=\"og:image:width\" content=\"1200\" \/>\n\t<meta property=\"og:image:height\" content=\"628\" \/>\n\t<meta property=\"og:image:type\" content=\"image\/jpeg\" \/>\n<meta name=\"author\" content=\"Klaudia Bedn\u00e1rov\u00e1\" \/>\n<meta name=\"twitter:card\" content=\"summary_large_image\" \/>\n<meta name=\"twitter:label1\" content=\"Written by\" \/>\n\t<meta name=\"twitter:data1\" content=\"Klaudia Bedn\u00e1rov\u00e1\" \/>\n\t<meta name=\"twitter:label2\" content=\"Est. reading time\" \/>\n\t<meta name=\"twitter:data2\" content=\"4 minutes\" \/>\n<script type=\"application\/ld+json\" class=\"yoast-schema-graph\">{\"@context\":\"https:\/\/schema.org\",\"@graph\":[{\"@type\":\"Article\",\"@id\":\"https:\/\/thebridge.sk\/en\/erasmusplus-in-rome-when-sharing-experience-is-about-people\/#article\",\"isPartOf\":{\"@id\":\"https:\/\/thebridge.sk\/en\/erasmusplus-in-rome-when-sharing-experience-is-about-people\/\"},\"author\":{\"name\":\"Klaudia Bedn\u00e1rov\u00e1\",\"@id\":\"https:\/\/thebridge.sk\/#\/schema\/person\/a1bd646e6b208a6e2e521ce887cbf294\"},\"headline\":\"Erasmus+ in Rome: When sharing experience is about people\",\"datePublished\":\"2025-07-09T06:32:26+00:00\",\"dateModified\":\"2026-03-11T14:16:30+00:00\",\"mainEntityOfPage\":{\"@id\":\"https:\/\/thebridge.sk\/en\/erasmusplus-in-rome-when-sharing-experience-is-about-people\/\"},\"wordCount\":423,\"publisher\":{\"@id\":\"https:\/\/thebridge.sk\/#organization\"},\"image\":{\"@id\":\"https:\/\/thebridge.sk\/en\/erasmusplus-in-rome-when-sharing-experience-is-about-people\/#primaryimage\"},\"thumbnailUrl\":\"https:\/\/thebridge.sk\/wp-content\/uploads\/2025\/07\/tana_blog_EN.jpg\",\"articleSection\":[\"Articles\",\"Erasmus+\"],\"inLanguage\":\"en-US\"},{\"@type\":\"WebPage\",\"@id\":\"https:\/\/thebridge.sk\/en\/erasmusplus-in-rome-when-sharing-experience-is-about-people\/\",\"url\":\"https:\/\/thebridge.sk\/en\/erasmusplus-in-rome-when-sharing-experience-is-about-people\/\",\"name\":\"Erasmus+ in Rome: When sharing experience is about people - The Bridge\",\"isPartOf\":{\"@id\":\"https:\/\/thebridge.sk\/#website\"},\"primaryImageOfPage\":{\"@id\":\"https:\/\/thebridge.sk\/en\/erasmusplus-in-rome-when-sharing-experience-is-about-people\/#primaryimage\"},\"image\":{\"@id\":\"https:\/\/thebridge.sk\/en\/erasmusplus-in-rome-when-sharing-experience-is-about-people\/#primaryimage\"},\"thumbnailUrl\":\"https:\/\/thebridge.sk\/wp-content\/uploads\/2025\/07\/tana_blog_EN.jpg\",\"datePublished\":\"2025-07-09T06:32:26+00:00\",\"dateModified\":\"2026-03-11T14:16:30+00:00\",\"description\":\"When sharing experience is about people, memories are made, says Tatiana \u010ci\u010dilla, corporate courses manager at The Bridge, in her blog about job shadowing within Erasmus+ in Rome.\",\"breadcrumb\":{\"@id\":\"https:\/\/thebridge.sk\/en\/erasmusplus-in-rome-when-sharing-experience-is-about-people\/#breadcrumb\"},\"inLanguage\":\"en-US\",\"potentialAction\":[{\"@type\":\"ReadAction\",\"target\":[\"https:\/\/thebridge.sk\/en\/erasmusplus-in-rome-when-sharing-experience-is-about-people\/\"]}]},{\"@type\":\"ImageObject\",\"inLanguage\":\"en-US\",\"@id\":\"https:\/\/thebridge.sk\/en\/erasmusplus-in-rome-when-sharing-experience-is-about-people\/#primaryimage\",\"url\":\"https:\/\/thebridge.sk\/wp-content\/uploads\/2025\/07\/tana_blog_EN.jpg\",\"contentUrl\":\"https:\/\/thebridge.sk\/wp-content\/uploads\/2025\/07\/tana_blog_EN.jpg\",\"width\":1200,\"height\":628},{\"@type\":\"BreadcrumbList\",\"@id\":\"https:\/\/thebridge.sk\/en\/erasmusplus-in-rome-when-sharing-experience-is-about-people\/#breadcrumb\",\"itemListElement\":[{\"@type\":\"ListItem\",\"position\":1,\"name\":\"The Bridge\",\"item\":\"https:\/\/thebridge.sk\/en\/\"},{\"@type\":\"ListItem\",\"position\":2,\"name\":\"Erasmus+ in Rome: When sharing experience is about people\"}]},{\"@type\":\"WebSite\",\"@id\":\"https:\/\/thebridge.sk\/#website\",\"url\":\"https:\/\/thebridge.sk\/\",\"name\":\"The Bridge\",\"description\":\"\",\"publisher\":{\"@id\":\"https:\/\/thebridge.sk\/#organization\"},\"potentialAction\":[{\"@type\":\"SearchAction\",\"target\":{\"@type\":\"EntryPoint\",\"urlTemplate\":\"https:\/\/thebridge.sk\/?s={search_term_string}\"},\"query-input\":{\"@type\":\"PropertyValueSpecification\",\"valueRequired\":true,\"valueName\":\"search_term_string\"}}],\"inLanguage\":\"en-US\"},{\"@type\":\"Organization\",\"@id\":\"https:\/\/thebridge.sk\/#organization\",\"name\":\"the Bridge\",\"url\":\"https:\/\/thebridge.sk\/\",\"logo\":{\"@type\":\"ImageObject\",\"inLanguage\":\"en-US\",\"@id\":\"https:\/\/thebridge.sk\/#\/schema\/logo\/image\/\",\"url\":\"https:\/\/thebridge.sk\/wp-content\/uploads\/2022\/09\/91983323_3231649653512263_3585232510205820928_n.png\",\"contentUrl\":\"https:\/\/thebridge.sk\/wp-content\/uploads\/2022\/09\/91983323_3231649653512263_3585232510205820928_n.png\",\"width\":800,\"height\":800,\"caption\":\"the Bridge\"},\"image\":{\"@id\":\"https:\/\/thebridge.sk\/#\/schema\/logo\/image\/\"}},{\"@type\":\"Person\",\"@id\":\"https:\/\/thebridge.sk\/#\/schema\/person\/a1bd646e6b208a6e2e521ce887cbf294\",\"name\":\"Klaudia Bedn\u00e1rov\u00e1\",\"image\":{\"@type\":\"ImageObject\",\"inLanguage\":\"en-US\",\"@id\":\"https:\/\/secure.gravatar.com\/avatar\/10d0fe9dfabdfda2298ba9ef91be1c0d5fb288bf9dbbe34e2866353f410d37ed?s=96&d=mm&r=g\",\"url\":\"https:\/\/secure.gravatar.com\/avatar\/10d0fe9dfabdfda2298ba9ef91be1c0d5fb288bf9dbbe34e2866353f410d37ed?s=96&d=mm&r=g\",\"contentUrl\":\"https:\/\/secure.gravatar.com\/avatar\/10d0fe9dfabdfda2298ba9ef91be1c0d5fb288bf9dbbe34e2866353f410d37ed?s=96&d=mm&r=g\",\"caption\":\"Klaudia Bedn\u00e1rov\u00e1\"},\"url\":\"https:\/\/thebridge.sk\/en\/author\/klaudia\/\"}]}<\/script>\n<!-- \/ Yoast SEO plugin. -->","yoast_head_json":{"title":"Erasmus+ in Rome: When sharing experience is about people - The Bridge","description":"When sharing experience is about people, memories are made, says Tatiana \u010ci\u010dilla, corporate courses manager at The Bridge, in her blog about job shadowing within Erasmus+ in Rome.","robots":{"index":"index","follow":"follow","max-snippet":"max-snippet:-1","max-image-preview":"max-image-preview:large","max-video-preview":"max-video-preview:-1"},"canonical":"https:\/\/thebridge.sk\/en\/erasmusplus-in-rome-when-sharing-experience-is-about-people\/","og_locale":"en_US","og_type":"article","og_title":"Erasmus+ in Rome: When sharing experience is about people - The Bridge","og_description":"When sharing experience is about people, memories are made, says Tatiana \u010ci\u010dilla, corporate courses manager at The Bridge, in her blog about job shadowing within Erasmus+ in Rome.","og_url":"https:\/\/thebridge.sk\/en\/erasmusplus-in-rome-when-sharing-experience-is-about-people\/","og_site_name":"The Bridge","article_published_time":"2025-07-09T06:32:26+00:00","article_modified_time":"2026-03-11T14:16:30+00:00","og_image":[{"width":1200,"height":628,"url":"https:\/\/thebridge.sk\/wp-content\/uploads\/2025\/07\/tana_blog_EN.jpg","type":"image\/jpeg"}],"author":"Klaudia Bedn\u00e1rov\u00e1","twitter_card":"summary_large_image","twitter_misc":{"Written by":"Klaudia Bedn\u00e1rov\u00e1","Est. reading time":"4 minutes"},"schema":{"@context":"https:\/\/schema.org","@graph":[{"@type":"Article","@id":"https:\/\/thebridge.sk\/en\/erasmusplus-in-rome-when-sharing-experience-is-about-people\/#article","isPartOf":{"@id":"https:\/\/thebridge.sk\/en\/erasmusplus-in-rome-when-sharing-experience-is-about-people\/"},"author":{"name":"Klaudia Bedn\u00e1rov\u00e1","@id":"https:\/\/thebridge.sk\/#\/schema\/person\/a1bd646e6b208a6e2e521ce887cbf294"},"headline":"Erasmus+ in Rome: When sharing experience is about people","datePublished":"2025-07-09T06:32:26+00:00","dateModified":"2026-03-11T14:16:30+00:00","mainEntityOfPage":{"@id":"https:\/\/thebridge.sk\/en\/erasmusplus-in-rome-when-sharing-experience-is-about-people\/"},"wordCount":423,"publisher":{"@id":"https:\/\/thebridge.sk\/#organization"},"image":{"@id":"https:\/\/thebridge.sk\/en\/erasmusplus-in-rome-when-sharing-experience-is-about-people\/#primaryimage"},"thumbnailUrl":"https:\/\/thebridge.sk\/wp-content\/uploads\/2025\/07\/tana_blog_EN.jpg","articleSection":["Articles","Erasmus+"],"inLanguage":"en-US"},{"@type":"WebPage","@id":"https:\/\/thebridge.sk\/en\/erasmusplus-in-rome-when-sharing-experience-is-about-people\/","url":"https:\/\/thebridge.sk\/en\/erasmusplus-in-rome-when-sharing-experience-is-about-people\/","name":"Erasmus+ in Rome: When sharing experience is about people - The Bridge","isPartOf":{"@id":"https:\/\/thebridge.sk\/#website"},"primaryImageOfPage":{"@id":"https:\/\/thebridge.sk\/en\/erasmusplus-in-rome-when-sharing-experience-is-about-people\/#primaryimage"},"image":{"@id":"https:\/\/thebridge.sk\/en\/erasmusplus-in-rome-when-sharing-experience-is-about-people\/#primaryimage"},"thumbnailUrl":"https:\/\/thebridge.sk\/wp-content\/uploads\/2025\/07\/tana_blog_EN.jpg","datePublished":"2025-07-09T06:32:26+00:00","dateModified":"2026-03-11T14:16:30+00:00","description":"When sharing experience is about people, memories are made, says Tatiana \u010ci\u010dilla, corporate courses manager at The Bridge, in her blog about job shadowing within Erasmus+ in Rome.","breadcrumb":{"@id":"https:\/\/thebridge.sk\/en\/erasmusplus-in-rome-when-sharing-experience-is-about-people\/#breadcrumb"},"inLanguage":"en-US","potentialAction":[{"@type":"ReadAction","target":["https:\/\/thebridge.sk\/en\/erasmusplus-in-rome-when-sharing-experience-is-about-people\/"]}]},{"@type":"ImageObject","inLanguage":"en-US","@id":"https:\/\/thebridge.sk\/en\/erasmusplus-in-rome-when-sharing-experience-is-about-people\/#primaryimage","url":"https:\/\/thebridge.sk\/wp-content\/uploads\/2025\/07\/tana_blog_EN.jpg","contentUrl":"https:\/\/thebridge.sk\/wp-content\/uploads\/2025\/07\/tana_blog_EN.jpg","width":1200,"height":628},{"@type":"BreadcrumbList","@id":"https:\/\/thebridge.sk\/en\/erasmusplus-in-rome-when-sharing-experience-is-about-people\/#breadcrumb","itemListElement":[{"@type":"ListItem","position":1,"name":"The Bridge","item":"https:\/\/thebridge.sk\/en\/"},{"@type":"ListItem","position":2,"name":"Erasmus+ in Rome: When sharing experience is about people"}]},{"@type":"WebSite","@id":"https:\/\/thebridge.sk\/#website","url":"https:\/\/thebridge.sk\/","name":"The Bridge","description":"","publisher":{"@id":"https:\/\/thebridge.sk\/#organization"},"potentialAction":[{"@type":"SearchAction","target":{"@type":"EntryPoint","urlTemplate":"https:\/\/thebridge.sk\/?s={search_term_string}"},"query-input":{"@type":"PropertyValueSpecification","valueRequired":true,"valueName":"search_term_string"}}],"inLanguage":"en-US"},{"@type":"Organization","@id":"https:\/\/thebridge.sk\/#organization","name":"the Bridge","url":"https:\/\/thebridge.sk\/","logo":{"@type":"ImageObject","inLanguage":"en-US","@id":"https:\/\/thebridge.sk\/#\/schema\/logo\/image\/","url":"https:\/\/thebridge.sk\/wp-content\/uploads\/2022\/09\/91983323_3231649653512263_3585232510205820928_n.png","contentUrl":"https:\/\/thebridge.sk\/wp-content\/uploads\/2022\/09\/91983323_3231649653512263_3585232510205820928_n.png","width":800,"height":800,"caption":"the Bridge"},"image":{"@id":"https:\/\/thebridge.sk\/#\/schema\/logo\/image\/"}},{"@type":"Person","@id":"https:\/\/thebridge.sk\/#\/schema\/person\/a1bd646e6b208a6e2e521ce887cbf294","name":"Klaudia Bedn\u00e1rov\u00e1","image":{"@type":"ImageObject","inLanguage":"en-US","@id":"https:\/\/secure.gravatar.com\/avatar\/10d0fe9dfabdfda2298ba9ef91be1c0d5fb288bf9dbbe34e2866353f410d37ed?s=96&d=mm&r=g","url":"https:\/\/secure.gravatar.com\/avatar\/10d0fe9dfabdfda2298ba9ef91be1c0d5fb288bf9dbbe34e2866353f410d37ed?s=96&d=mm&r=g","contentUrl":"https:\/\/secure.gravatar.com\/avatar\/10d0fe9dfabdfda2298ba9ef91be1c0d5fb288bf9dbbe34e2866353f410d37ed?s=96&d=mm&r=g","caption":"Klaudia Bedn\u00e1rov\u00e1"},"url":"https:\/\/thebridge.sk\/en\/author\/klaudia\/"}]}},"_links":{"self":[{"href":"https:\/\/thebridge.sk\/en\/wp-json\/wp\/v2\/posts\/25577","targetHints":{"allow":["GET"]}}],"collection":[{"href":"https:\/\/thebridge.sk\/en\/wp-json\/wp\/v2\/posts"}],"about":[{"href":"https:\/\/thebridge.sk\/en\/wp-json\/wp\/v2\/types\/post"}],"author":[{"embeddable":true,"href":"https:\/\/thebridge.sk\/en\/wp-json\/wp\/v2\/users\/8"}],"replies":[{"embeddable":true,"href":"https:\/\/thebridge.sk\/en\/wp-json\/wp\/v2\/comments?post=25577"}],"version-history":[{"count":3,"href":"https:\/\/thebridge.sk\/en\/wp-json\/wp\/v2\/posts\/25577\/revisions"}],"predecessor-version":[{"id":25585,"href":"https:\/\/thebridge.sk\/en\/wp-json\/wp\/v2\/posts\/25577\/revisions\/25585"}],"wp:featuredmedia":[{"embeddable":true,"href":"https:\/\/thebridge.sk\/en\/wp-json\/wp\/v2\/media\/25557"}],"wp:attachment":[{"href":"https:\/\/thebridge.sk\/en\/wp-json\/wp\/v2\/media?parent=25577"}],"wp:term":[{"taxonomy":"category","embeddable":true,"href":"https:\/\/thebridge.sk\/en\/wp-json\/wp\/v2\/categories?post=25577"},{"taxonomy":"post_tag","embeddable":true,"href":"https:\/\/thebridge.sk\/en\/wp-json\/wp\/v2\/tags?post=25577"}],"curies":[{"name":"wp","href":"https:\/\/api.w.org\/{rel}","templated":true}]}}