
{"id":24395,"date":"2025-01-25T11:10:40","date_gmt":"2025-01-25T10:10:40","guid":{"rendered":"https:\/\/thebridge.sk\/?p=24395"},"modified":"2025-01-25T11:15:11","modified_gmt":"2025-01-25T10:15:11","slug":"judit-feher-sustainable-education","status":"publish","type":"post","link":"https:\/\/thebridge.sk\/en\/judit-feher-sustainable-education\/","title":{"rendered":"A holistic, humanistic approach to sustainable education with Judit Feh\u00e9r"},"content":{"rendered":"<p><strong>Workshop Info<\/strong><\/p><p>Sustainable development is such a huge, complex and important topic of our age that all teachers are responsible to educate their learners about it however daunting, bewildering and often grim the connected issues might look. This webinar will offer a simplified approach that focuses on three of the global skills as a basis of working on sustainability issues; focusing on these skills creates a holistic learning experience, which is not overpowering, but it is empowering. The idea is going to be demonstrated by practical activities.<\/p><p><strong>When:<\/strong>\u00a020 February 2025 5:00pm \u2013 6:00pm CET<\/p><p><strong>Where:<\/strong>&nbsp;Online\/ZOOM<\/p><h3 class=\"wp-block-heading\">Speaker: Judit Feh\u00e9r<\/h3><p>Judit is an accomplished freelance teacher, trainer, and materials writer. As a trainer, she has worked with renowned institutions such as Pilgrims and British Study Centres. Judit\u2019s main areas of focus include CLIL, PBL, materials writing, and creativity, and she is widely recognized as a leading expert in these fields. Her teaching materials, which are primarily designed for secondary school students, are widely praised for their engaging content and for promoting student learning. Judit has also published several works, including the highly regarded Creative Resources (co-authored with Bonnie Tsai) and the CLIL-related publication \u2018The Sea! The Sea! Sustainable Development Goal 14 in a CLIL Process\u2019. With her extensive knowledge and experience, Judit is a sought-after expert in the field of education.<\/p><p><\/p>","protected":false},"excerpt":{"rendered":"<p>Workshop Info Sustainable development is such a huge, complex and important topic of our age that all teachers are responsible to educate their learners about it however daunting, bewildering and often grim the connected issues might look. This webinar will offer a simplified approach that focuses on three of the global skills as a basis &hellip; <a href=\"https:\/\/thebridge.sk\/en\/judit-feher-sustainable-education\/\">Continued<\/a><\/p>\n","protected":false},"author":8,"featured_media":24397,"comment_status":"open","ping_status":"open","sticky":false,"template":"","format":"standard","meta":{"_acf_changed":false,"inline_featured_image":false,"footnotes":""},"categories":[61,292,274,51,273,291,248,239],"tags":[],"class_list":["post-24395","post","type-post","status-publish","format-standard","has-post-thumbnail","hentry","category-events","category-for-teachers","category-invitations","category-podujatia","category-pozvanky","category-pre-ucitelov","category-workshops","category-workshopy"],"acf":[],"yoast_head":"<!-- This site is optimized with the Yoast SEO plugin v27.2 - https:\/\/yoast.com\/product\/yoast-seo-wordpress\/ -->\n<title>A holistic, humanistic approach to sustainable education with Judit Feh\u00e9r - The Bridge<\/title>\n<meta name=\"robots\" content=\"index, follow, max-snippet:-1, max-image-preview:large, max-video-preview:-1\" \/>\n<link rel=\"canonical\" href=\"https:\/\/thebridge.sk\/en\/judit-feher-sustainable-education\/\" \/>\n<meta property=\"og:locale\" content=\"en_US\" \/>\n<meta property=\"og:type\" content=\"article\" \/>\n<meta property=\"og:title\" content=\"A holistic, humanistic approach to sustainable education with Judit Feh\u00e9r - The Bridge\" \/>\n<meta property=\"og:description\" content=\"Workshop Info Sustainable development is such a huge, complex and important topic of our age that all teachers are responsible to educate their learners about it however daunting, bewildering and often grim the connected issues might look. This webinar will offer a simplified approach that focuses on three of the global skills as a basis &hellip; Continued\" \/>\n<meta property=\"og:url\" content=\"https:\/\/thebridge.sk\/en\/judit-feher-sustainable-education\/\" \/>\n<meta property=\"og:site_name\" content=\"The Bridge\" \/>\n<meta property=\"article:published_time\" content=\"2025-01-25T10:10:40+00:00\" \/>\n<meta property=\"article:modified_time\" content=\"2025-01-25T10:15:11+00:00\" \/>\n<meta property=\"og:image\" content=\"https:\/\/thebridge.sk\/wp-content\/uploads\/2025\/01\/JuditEN.jpg\" \/>\n\t<meta property=\"og:image:width\" content=\"1200\" \/>\n\t<meta property=\"og:image:height\" content=\"628\" \/>\n\t<meta property=\"og:image:type\" content=\"image\/jpeg\" \/>\n<meta name=\"author\" content=\"Klaudia Bedn\u00e1rov\u00e1\" \/>\n<meta name=\"twitter:card\" content=\"summary_large_image\" \/>\n<meta name=\"twitter:label1\" content=\"Written by\" \/>\n\t<meta name=\"twitter:data1\" content=\"Klaudia Bedn\u00e1rov\u00e1\" \/>\n\t<meta name=\"twitter:label2\" content=\"Est. reading time\" \/>\n\t<meta name=\"twitter:data2\" content=\"2 minutes\" \/>\n<script type=\"application\/ld+json\" class=\"yoast-schema-graph\">{\"@context\":\"https:\/\/schema.org\",\"@graph\":[{\"@type\":\"Article\",\"@id\":\"https:\/\/thebridge.sk\/en\/judit-feher-sustainable-education\/#article\",\"isPartOf\":{\"@id\":\"https:\/\/thebridge.sk\/en\/judit-feher-sustainable-education\/\"},\"author\":{\"name\":\"Klaudia Bedn\u00e1rov\u00e1\",\"@id\":\"https:\/\/thebridge.sk\/#\/schema\/person\/a1bd646e6b208a6e2e521ce887cbf294\"},\"headline\":\"A holistic, humanistic approach to sustainable education with Judit Feh\u00e9r\",\"datePublished\":\"2025-01-25T10:10:40+00:00\",\"dateModified\":\"2025-01-25T10:15:11+00:00\",\"mainEntityOfPage\":{\"@id\":\"https:\/\/thebridge.sk\/en\/judit-feher-sustainable-education\/\"},\"wordCount\":232,\"commentCount\":0,\"publisher\":{\"@id\":\"https:\/\/thebridge.sk\/#organization\"},\"image\":{\"@id\":\"https:\/\/thebridge.sk\/en\/judit-feher-sustainable-education\/#primaryimage\"},\"thumbnailUrl\":\"https:\/\/thebridge.sk\/wp-content\/uploads\/2025\/01\/JuditEN.jpg\",\"articleSection\":[\"Events\",\"For Teachers\",\"Invitations\",\"Podujatia\",\"Pozv\u00e1nky\",\"Pre u\u010dite\u013eov\",\"Workshops &amp; Webinars\",\"Workshopy &amp; Webin\u00e1re\"],\"inLanguage\":\"en-US\",\"potentialAction\":[{\"@type\":\"CommentAction\",\"name\":\"Comment\",\"target\":[\"https:\/\/thebridge.sk\/en\/judit-feher-sustainable-education\/#respond\"]}]},{\"@type\":\"WebPage\",\"@id\":\"https:\/\/thebridge.sk\/en\/judit-feher-sustainable-education\/\",\"url\":\"https:\/\/thebridge.sk\/en\/judit-feher-sustainable-education\/\",\"name\":\"A holistic, humanistic approach to sustainable education with Judit Feh\u00e9r - The Bridge\",\"isPartOf\":{\"@id\":\"https:\/\/thebridge.sk\/#website\"},\"primaryImageOfPage\":{\"@id\":\"https:\/\/thebridge.sk\/en\/judit-feher-sustainable-education\/#primaryimage\"},\"image\":{\"@id\":\"https:\/\/thebridge.sk\/en\/judit-feher-sustainable-education\/#primaryimage\"},\"thumbnailUrl\":\"https:\/\/thebridge.sk\/wp-content\/uploads\/2025\/01\/JuditEN.jpg\",\"datePublished\":\"2025-01-25T10:10:40+00:00\",\"dateModified\":\"2025-01-25T10:15:11+00:00\",\"breadcrumb\":{\"@id\":\"https:\/\/thebridge.sk\/en\/judit-feher-sustainable-education\/#breadcrumb\"},\"inLanguage\":\"en-US\",\"potentialAction\":[{\"@type\":\"ReadAction\",\"target\":[\"https:\/\/thebridge.sk\/en\/judit-feher-sustainable-education\/\"]}]},{\"@type\":\"ImageObject\",\"inLanguage\":\"en-US\",\"@id\":\"https:\/\/thebridge.sk\/en\/judit-feher-sustainable-education\/#primaryimage\",\"url\":\"https:\/\/thebridge.sk\/wp-content\/uploads\/2025\/01\/JuditEN.jpg\",\"contentUrl\":\"https:\/\/thebridge.sk\/wp-content\/uploads\/2025\/01\/JuditEN.jpg\",\"width\":1200,\"height\":628},{\"@type\":\"BreadcrumbList\",\"@id\":\"https:\/\/thebridge.sk\/en\/judit-feher-sustainable-education\/#breadcrumb\",\"itemListElement\":[{\"@type\":\"ListItem\",\"position\":1,\"name\":\"The Bridge\",\"item\":\"https:\/\/thebridge.sk\/en\/\"},{\"@type\":\"ListItem\",\"position\":2,\"name\":\"A holistic, humanistic approach to sustainable education with Judit Feh\u00e9r\"}]},{\"@type\":\"WebSite\",\"@id\":\"https:\/\/thebridge.sk\/#website\",\"url\":\"https:\/\/thebridge.sk\/\",\"name\":\"The Bridge\",\"description\":\"\",\"publisher\":{\"@id\":\"https:\/\/thebridge.sk\/#organization\"},\"potentialAction\":[{\"@type\":\"SearchAction\",\"target\":{\"@type\":\"EntryPoint\",\"urlTemplate\":\"https:\/\/thebridge.sk\/?s={search_term_string}\"},\"query-input\":{\"@type\":\"PropertyValueSpecification\",\"valueRequired\":true,\"valueName\":\"search_term_string\"}}],\"inLanguage\":\"en-US\"},{\"@type\":\"Organization\",\"@id\":\"https:\/\/thebridge.sk\/#organization\",\"name\":\"the Bridge\",\"url\":\"https:\/\/thebridge.sk\/\",\"logo\":{\"@type\":\"ImageObject\",\"inLanguage\":\"en-US\",\"@id\":\"https:\/\/thebridge.sk\/#\/schema\/logo\/image\/\",\"url\":\"https:\/\/thebridge.sk\/wp-content\/uploads\/2022\/09\/91983323_3231649653512263_3585232510205820928_n.png\",\"contentUrl\":\"https:\/\/thebridge.sk\/wp-content\/uploads\/2022\/09\/91983323_3231649653512263_3585232510205820928_n.png\",\"width\":800,\"height\":800,\"caption\":\"the Bridge\"},\"image\":{\"@id\":\"https:\/\/thebridge.sk\/#\/schema\/logo\/image\/\"}},{\"@type\":\"Person\",\"@id\":\"https:\/\/thebridge.sk\/#\/schema\/person\/a1bd646e6b208a6e2e521ce887cbf294\",\"name\":\"Klaudia Bedn\u00e1rov\u00e1\",\"image\":{\"@type\":\"ImageObject\",\"inLanguage\":\"en-US\",\"@id\":\"https:\/\/secure.gravatar.com\/avatar\/10d0fe9dfabdfda2298ba9ef91be1c0d5fb288bf9dbbe34e2866353f410d37ed?s=96&d=mm&r=g\",\"url\":\"https:\/\/secure.gravatar.com\/avatar\/10d0fe9dfabdfda2298ba9ef91be1c0d5fb288bf9dbbe34e2866353f410d37ed?s=96&d=mm&r=g\",\"contentUrl\":\"https:\/\/secure.gravatar.com\/avatar\/10d0fe9dfabdfda2298ba9ef91be1c0d5fb288bf9dbbe34e2866353f410d37ed?s=96&d=mm&r=g\",\"caption\":\"Klaudia Bedn\u00e1rov\u00e1\"},\"url\":\"https:\/\/thebridge.sk\/en\/author\/klaudia\/\"}]}<\/script>\n<!-- \/ Yoast SEO plugin. -->","yoast_head_json":{"title":"A holistic, humanistic approach to sustainable education with Judit Feh\u00e9r - The Bridge","robots":{"index":"index","follow":"follow","max-snippet":"max-snippet:-1","max-image-preview":"max-image-preview:large","max-video-preview":"max-video-preview:-1"},"canonical":"https:\/\/thebridge.sk\/en\/judit-feher-sustainable-education\/","og_locale":"en_US","og_type":"article","og_title":"A holistic, humanistic approach to sustainable education with Judit Feh\u00e9r - The Bridge","og_description":"Workshop Info Sustainable development is such a huge, complex and important topic of our age that all teachers are responsible to educate their learners about it however daunting, bewildering and often grim the connected issues might look. This webinar will offer a simplified approach that focuses on three of the global skills as a basis &hellip; Continued","og_url":"https:\/\/thebridge.sk\/en\/judit-feher-sustainable-education\/","og_site_name":"The Bridge","article_published_time":"2025-01-25T10:10:40+00:00","article_modified_time":"2025-01-25T10:15:11+00:00","og_image":[{"width":1200,"height":628,"url":"https:\/\/thebridge.sk\/wp-content\/uploads\/2025\/01\/JuditEN.jpg","type":"image\/jpeg"}],"author":"Klaudia Bedn\u00e1rov\u00e1","twitter_card":"summary_large_image","twitter_misc":{"Written by":"Klaudia Bedn\u00e1rov\u00e1","Est. reading time":"2 minutes"},"schema":{"@context":"https:\/\/schema.org","@graph":[{"@type":"Article","@id":"https:\/\/thebridge.sk\/en\/judit-feher-sustainable-education\/#article","isPartOf":{"@id":"https:\/\/thebridge.sk\/en\/judit-feher-sustainable-education\/"},"author":{"name":"Klaudia Bedn\u00e1rov\u00e1","@id":"https:\/\/thebridge.sk\/#\/schema\/person\/a1bd646e6b208a6e2e521ce887cbf294"},"headline":"A holistic, humanistic approach to sustainable education with Judit Feh\u00e9r","datePublished":"2025-01-25T10:10:40+00:00","dateModified":"2025-01-25T10:15:11+00:00","mainEntityOfPage":{"@id":"https:\/\/thebridge.sk\/en\/judit-feher-sustainable-education\/"},"wordCount":232,"commentCount":0,"publisher":{"@id":"https:\/\/thebridge.sk\/#organization"},"image":{"@id":"https:\/\/thebridge.sk\/en\/judit-feher-sustainable-education\/#primaryimage"},"thumbnailUrl":"https:\/\/thebridge.sk\/wp-content\/uploads\/2025\/01\/JuditEN.jpg","articleSection":["Events","For Teachers","Invitations","Podujatia","Pozv\u00e1nky","Pre u\u010dite\u013eov","Workshops &amp; Webinars","Workshopy &amp; Webin\u00e1re"],"inLanguage":"en-US","potentialAction":[{"@type":"CommentAction","name":"Comment","target":["https:\/\/thebridge.sk\/en\/judit-feher-sustainable-education\/#respond"]}]},{"@type":"WebPage","@id":"https:\/\/thebridge.sk\/en\/judit-feher-sustainable-education\/","url":"https:\/\/thebridge.sk\/en\/judit-feher-sustainable-education\/","name":"A holistic, humanistic approach to sustainable education with Judit Feh\u00e9r - The Bridge","isPartOf":{"@id":"https:\/\/thebridge.sk\/#website"},"primaryImageOfPage":{"@id":"https:\/\/thebridge.sk\/en\/judit-feher-sustainable-education\/#primaryimage"},"image":{"@id":"https:\/\/thebridge.sk\/en\/judit-feher-sustainable-education\/#primaryimage"},"thumbnailUrl":"https:\/\/thebridge.sk\/wp-content\/uploads\/2025\/01\/JuditEN.jpg","datePublished":"2025-01-25T10:10:40+00:00","dateModified":"2025-01-25T10:15:11+00:00","breadcrumb":{"@id":"https:\/\/thebridge.sk\/en\/judit-feher-sustainable-education\/#breadcrumb"},"inLanguage":"en-US","potentialAction":[{"@type":"ReadAction","target":["https:\/\/thebridge.sk\/en\/judit-feher-sustainable-education\/"]}]},{"@type":"ImageObject","inLanguage":"en-US","@id":"https:\/\/thebridge.sk\/en\/judit-feher-sustainable-education\/#primaryimage","url":"https:\/\/thebridge.sk\/wp-content\/uploads\/2025\/01\/JuditEN.jpg","contentUrl":"https:\/\/thebridge.sk\/wp-content\/uploads\/2025\/01\/JuditEN.jpg","width":1200,"height":628},{"@type":"BreadcrumbList","@id":"https:\/\/thebridge.sk\/en\/judit-feher-sustainable-education\/#breadcrumb","itemListElement":[{"@type":"ListItem","position":1,"name":"The Bridge","item":"https:\/\/thebridge.sk\/en\/"},{"@type":"ListItem","position":2,"name":"A holistic, humanistic approach to sustainable education with Judit Feh\u00e9r"}]},{"@type":"WebSite","@id":"https:\/\/thebridge.sk\/#website","url":"https:\/\/thebridge.sk\/","name":"The Bridge","description":"","publisher":{"@id":"https:\/\/thebridge.sk\/#organization"},"potentialAction":[{"@type":"SearchAction","target":{"@type":"EntryPoint","urlTemplate":"https:\/\/thebridge.sk\/?s={search_term_string}"},"query-input":{"@type":"PropertyValueSpecification","valueRequired":true,"valueName":"search_term_string"}}],"inLanguage":"en-US"},{"@type":"Organization","@id":"https:\/\/thebridge.sk\/#organization","name":"the Bridge","url":"https:\/\/thebridge.sk\/","logo":{"@type":"ImageObject","inLanguage":"en-US","@id":"https:\/\/thebridge.sk\/#\/schema\/logo\/image\/","url":"https:\/\/thebridge.sk\/wp-content\/uploads\/2022\/09\/91983323_3231649653512263_3585232510205820928_n.png","contentUrl":"https:\/\/thebridge.sk\/wp-content\/uploads\/2022\/09\/91983323_3231649653512263_3585232510205820928_n.png","width":800,"height":800,"caption":"the Bridge"},"image":{"@id":"https:\/\/thebridge.sk\/#\/schema\/logo\/image\/"}},{"@type":"Person","@id":"https:\/\/thebridge.sk\/#\/schema\/person\/a1bd646e6b208a6e2e521ce887cbf294","name":"Klaudia Bedn\u00e1rov\u00e1","image":{"@type":"ImageObject","inLanguage":"en-US","@id":"https:\/\/secure.gravatar.com\/avatar\/10d0fe9dfabdfda2298ba9ef91be1c0d5fb288bf9dbbe34e2866353f410d37ed?s=96&d=mm&r=g","url":"https:\/\/secure.gravatar.com\/avatar\/10d0fe9dfabdfda2298ba9ef91be1c0d5fb288bf9dbbe34e2866353f410d37ed?s=96&d=mm&r=g","contentUrl":"https:\/\/secure.gravatar.com\/avatar\/10d0fe9dfabdfda2298ba9ef91be1c0d5fb288bf9dbbe34e2866353f410d37ed?s=96&d=mm&r=g","caption":"Klaudia Bedn\u00e1rov\u00e1"},"url":"https:\/\/thebridge.sk\/en\/author\/klaudia\/"}]}},"_links":{"self":[{"href":"https:\/\/thebridge.sk\/en\/wp-json\/wp\/v2\/posts\/24395","targetHints":{"allow":["GET"]}}],"collection":[{"href":"https:\/\/thebridge.sk\/en\/wp-json\/wp\/v2\/posts"}],"about":[{"href":"https:\/\/thebridge.sk\/en\/wp-json\/wp\/v2\/types\/post"}],"author":[{"embeddable":true,"href":"https:\/\/thebridge.sk\/en\/wp-json\/wp\/v2\/users\/8"}],"replies":[{"embeddable":true,"href":"https:\/\/thebridge.sk\/en\/wp-json\/wp\/v2\/comments?post=24395"}],"version-history":[{"count":1,"href":"https:\/\/thebridge.sk\/en\/wp-json\/wp\/v2\/posts\/24395\/revisions"}],"predecessor-version":[{"id":24401,"href":"https:\/\/thebridge.sk\/en\/wp-json\/wp\/v2\/posts\/24395\/revisions\/24401"}],"wp:featuredmedia":[{"embeddable":true,"href":"https:\/\/thebridge.sk\/en\/wp-json\/wp\/v2\/media\/24397"}],"wp:attachment":[{"href":"https:\/\/thebridge.sk\/en\/wp-json\/wp\/v2\/media?parent=24395"}],"wp:term":[{"taxonomy":"category","embeddable":true,"href":"https:\/\/thebridge.sk\/en\/wp-json\/wp\/v2\/categories?post=24395"},{"taxonomy":"post_tag","embeddable":true,"href":"https:\/\/thebridge.sk\/en\/wp-json\/wp\/v2\/tags?post=24395"}],"curies":[{"name":"wp","href":"https:\/\/api.w.org\/{rel}","templated":true}]}}