
{"id":21029,"date":"2024-01-27T17:44:07","date_gmt":"2024-01-27T16:44:07","guid":{"rendered":"https:\/\/thebridge.sk\/?p=21029"},"modified":"2024-01-31T11:18:15","modified_gmt":"2024-01-31T10:18:15","slug":"alan-maley-they-talk-cop-out","status":"publish","type":"post","link":"https:\/\/thebridge.sk\/en\/alan-maley-they-talk-cop-out\/","title":{"rendered":"Alan Maley: They talk &#8230; COP-out"},"content":{"rendered":"<div class=\"wp-block-columns is-layout-flex wp-container-core-columns-is-layout-9d6595d7 wp-block-columns-is-layout-flex\"><div class=\"wp-block-column is-layout-flow wp-block-column-is-layout-flow\"><p class=\"has-text-align-center\"><em>The world burns<\/em><\/p>\n\n<p class=\"has-text-align-center\"><em>and they talk.<\/em><\/p>\n\n<p class=\"has-text-align-center\"><em>The world floods<\/em><\/p>\n\n<p class=\"has-text-align-center\"><em>and they talk.<\/em><\/p>\n\n<p class=\"has-text-align-center\"><em>The world starves<\/em><\/p>\n\n<p class=\"has-text-align-center\"><em>And they talk.<\/em><\/p>\n\n<p class=\"has-text-align-center\"><em>The world dies<\/em><\/p>\n\n<p class=\"has-text-align-center\"><em>And they talk.<\/em><\/p>\n\n<div style=\"height:50px\" aria-hidden=\"true\" class=\"wp-block-spacer\"><\/div>\n\n<p class=\"has-text-align-center\"><em>The icebergs melt,<\/em><\/p>\n\n<p class=\"has-text-align-center\"><em>The glaciers shrink.<\/em><\/p>\n\n<p class=\"has-text-align-center\"><em>The crops shrivel.<\/em><\/p>\n\n<p class=\"has-text-align-center\"><em>The flowers wilt.<\/em><\/p>\n\n<p class=\"has-text-align-center\"><em>And they talk.<\/em><\/p><\/div>\n\n<div class=\"wp-block-column is-layout-flow wp-block-column-is-layout-flow\"><p class=\"has-text-align-center\"><em>The forests expire.<\/em><\/p>\n\n<p class=\"has-text-align-center\"><em>The sea rises.<\/em><\/p>\n\n<p class=\"has-text-align-center\"><em>The air turns toxic \u2013<\/em><\/p>\n\n<p class=\"has-text-align-center\"><em>A life of crises.<\/em><\/p>\n\n<p class=\"has-text-align-center\"><em>And they talk.<\/em><\/p>\n\n<div style=\"height:50px\" aria-hidden=\"true\" class=\"wp-block-spacer\"><\/div>\n\n<p class=\"has-text-align-center\"><em>As they drown,<\/em><\/p>\n\n<p class=\"has-text-align-center\"><em>they talk.<\/em><\/p>\n\n<p class=\"has-text-align-center\"><em>As they burn,<\/em><\/p>\n\n<p class=\"has-text-align-center\"><em>they talk.<\/em><\/p>\n\n<p class=\"has-text-align-center\"><em>And as they gasp<\/em><\/p>\n\n<p class=\"has-text-align-center\"><em>their last,<\/em><\/p>\n\n<p class=\"has-text-align-center\"><em>as they die,<\/em><\/p>\n\n<p class=\"has-text-align-center\"><em>they still try<\/em><\/p>\n\n<p class=\"has-text-align-center\"><em>to have<\/em><\/p>\n\n<p class=\"has-text-align-center\"><em>the last word.<\/em><\/p><\/div><\/div><p><\/p><h3 class=\"wp-block-heading\">About the author: <\/h3><p><strong>Alan Maley<\/strong> has devoted six decades to English Language Teaching, serving as a teacher, teacher trainer, and manager. In recognition of his lifetime achievements, he was honored with the ELTons Lifetime Achievement Award in 2012. As a founding member of the IATEFL Global Issues SIG, Alan&#8217;s main interests are creative writing and global survival.<\/p>","protected":false},"excerpt":{"rendered":"<p>The world burns and they talk. The world floods and they talk. The world starves And they talk. The world dies And they talk. The icebergs melt, The glaciers shrink. The crops shrivel. The flowers wilt. And they talk. The forests expire. The sea rises. The air turns toxic \u2013 A life of crises. And &hellip; <a href=\"https:\/\/thebridge.sk\/en\/alan-maley-they-talk-cop-out\/\">Continued<\/a><\/p>\n","protected":false},"author":8,"featured_media":21031,"comment_status":"open","ping_status":"open","sticky":false,"template":"","format":"standard","meta":{"_acf_changed":false,"inline_featured_image":false,"footnotes":""},"categories":[59,276],"tags":[],"class_list":["post-21029","post","type-post","status-publish","format-standard","has-post-thumbnail","hentry","category-napisali-o-nas","category-our-teachers"],"acf":[],"yoast_head":"<!-- This site is optimized with the Yoast SEO plugin v27.2 - https:\/\/yoast.com\/product\/yoast-seo-wordpress\/ -->\n<title>Alan Maley: They talk ... COP-out - The Bridge<\/title>\n<meta name=\"robots\" content=\"index, follow, max-snippet:-1, max-image-preview:large, max-video-preview:-1\" \/>\n<link rel=\"canonical\" href=\"https:\/\/thebridge.sk\/en\/alan-maley-they-talk-cop-out\/\" \/>\n<meta property=\"og:locale\" content=\"en_US\" \/>\n<meta property=\"og:type\" content=\"article\" \/>\n<meta property=\"og:title\" content=\"Alan Maley: They talk ... COP-out - The Bridge\" \/>\n<meta property=\"og:description\" content=\"The world burns and they talk. The world floods and they talk. The world starves And they talk. The world dies And they talk. The icebergs melt, The glaciers shrink. The crops shrivel. The flowers wilt. And they talk. The forests expire. The sea rises. The air turns toxic \u2013 A life of crises. And &hellip; Continued\" \/>\n<meta property=\"og:url\" content=\"https:\/\/thebridge.sk\/en\/alan-maley-they-talk-cop-out\/\" \/>\n<meta property=\"og:site_name\" content=\"The Bridge\" \/>\n<meta property=\"article:published_time\" content=\"2024-01-27T16:44:07+00:00\" \/>\n<meta property=\"article:modified_time\" content=\"2024-01-31T10:18:15+00:00\" \/>\n<meta property=\"og:image\" content=\"https:\/\/thebridge.sk\/wp-content\/uploads\/2024\/01\/pst-copout-alan@2x.jpg\" \/>\n\t<meta property=\"og:image:width\" content=\"2400\" \/>\n\t<meta property=\"og:image:height\" content=\"1260\" \/>\n\t<meta property=\"og:image:type\" content=\"image\/jpeg\" \/>\n<meta name=\"author\" content=\"Klaudia Bedn\u00e1rov\u00e1\" \/>\n<meta name=\"twitter:card\" content=\"summary_large_image\" \/>\n<meta name=\"twitter:label1\" content=\"Written by\" \/>\n\t<meta name=\"twitter:data1\" content=\"Klaudia Bedn\u00e1rov\u00e1\" \/>\n\t<meta name=\"twitter:label2\" content=\"Est. reading time\" \/>\n\t<meta name=\"twitter:data2\" content=\"1 minute\" \/>\n<script type=\"application\/ld+json\" class=\"yoast-schema-graph\">{\"@context\":\"https:\/\/schema.org\",\"@graph\":[{\"@type\":\"Article\",\"@id\":\"https:\/\/thebridge.sk\/en\/alan-maley-they-talk-cop-out\/#article\",\"isPartOf\":{\"@id\":\"https:\/\/thebridge.sk\/en\/alan-maley-they-talk-cop-out\/\"},\"author\":{\"name\":\"Klaudia Bedn\u00e1rov\u00e1\",\"@id\":\"https:\/\/thebridge.sk\/#\/schema\/person\/a1bd646e6b208a6e2e521ce887cbf294\"},\"headline\":\"Alan Maley: They talk &#8230; COP-out\",\"datePublished\":\"2024-01-27T16:44:07+00:00\",\"dateModified\":\"2024-01-31T10:18:15+00:00\",\"mainEntityOfPage\":{\"@id\":\"https:\/\/thebridge.sk\/en\/alan-maley-they-talk-cop-out\/\"},\"wordCount\":145,\"commentCount\":0,\"publisher\":{\"@id\":\"https:\/\/thebridge.sk\/#organization\"},\"image\":{\"@id\":\"https:\/\/thebridge.sk\/en\/alan-maley-they-talk-cop-out\/#primaryimage\"},\"thumbnailUrl\":\"https:\/\/thebridge.sk\/wp-content\/uploads\/2024\/01\/pst-copout-alan@2x.jpg\",\"articleSection\":[\"Nap\u00edsali o n\u00e1s\",\"Our teachers\"],\"inLanguage\":\"en-US\",\"potentialAction\":[{\"@type\":\"CommentAction\",\"name\":\"Comment\",\"target\":[\"https:\/\/thebridge.sk\/en\/alan-maley-they-talk-cop-out\/#respond\"]}]},{\"@type\":\"WebPage\",\"@id\":\"https:\/\/thebridge.sk\/en\/alan-maley-they-talk-cop-out\/\",\"url\":\"https:\/\/thebridge.sk\/en\/alan-maley-they-talk-cop-out\/\",\"name\":\"Alan Maley: They talk ... COP-out - The Bridge\",\"isPartOf\":{\"@id\":\"https:\/\/thebridge.sk\/#website\"},\"primaryImageOfPage\":{\"@id\":\"https:\/\/thebridge.sk\/en\/alan-maley-they-talk-cop-out\/#primaryimage\"},\"image\":{\"@id\":\"https:\/\/thebridge.sk\/en\/alan-maley-they-talk-cop-out\/#primaryimage\"},\"thumbnailUrl\":\"https:\/\/thebridge.sk\/wp-content\/uploads\/2024\/01\/pst-copout-alan@2x.jpg\",\"datePublished\":\"2024-01-27T16:44:07+00:00\",\"dateModified\":\"2024-01-31T10:18:15+00:00\",\"breadcrumb\":{\"@id\":\"https:\/\/thebridge.sk\/en\/alan-maley-they-talk-cop-out\/#breadcrumb\"},\"inLanguage\":\"en-US\",\"potentialAction\":[{\"@type\":\"ReadAction\",\"target\":[\"https:\/\/thebridge.sk\/en\/alan-maley-they-talk-cop-out\/\"]}]},{\"@type\":\"ImageObject\",\"inLanguage\":\"en-US\",\"@id\":\"https:\/\/thebridge.sk\/en\/alan-maley-they-talk-cop-out\/#primaryimage\",\"url\":\"https:\/\/thebridge.sk\/wp-content\/uploads\/2024\/01\/pst-copout-alan@2x.jpg\",\"contentUrl\":\"https:\/\/thebridge.sk\/wp-content\/uploads\/2024\/01\/pst-copout-alan@2x.jpg\",\"width\":2400,\"height\":1260},{\"@type\":\"BreadcrumbList\",\"@id\":\"https:\/\/thebridge.sk\/en\/alan-maley-they-talk-cop-out\/#breadcrumb\",\"itemListElement\":[{\"@type\":\"ListItem\",\"position\":1,\"name\":\"The Bridge\",\"item\":\"https:\/\/thebridge.sk\/en\/\"},{\"@type\":\"ListItem\",\"position\":2,\"name\":\"Alan Maley: They talk &#8230; COP-out\"}]},{\"@type\":\"WebSite\",\"@id\":\"https:\/\/thebridge.sk\/#website\",\"url\":\"https:\/\/thebridge.sk\/\",\"name\":\"The Bridge\",\"description\":\"\",\"publisher\":{\"@id\":\"https:\/\/thebridge.sk\/#organization\"},\"potentialAction\":[{\"@type\":\"SearchAction\",\"target\":{\"@type\":\"EntryPoint\",\"urlTemplate\":\"https:\/\/thebridge.sk\/?s={search_term_string}\"},\"query-input\":{\"@type\":\"PropertyValueSpecification\",\"valueRequired\":true,\"valueName\":\"search_term_string\"}}],\"inLanguage\":\"en-US\"},{\"@type\":\"Organization\",\"@id\":\"https:\/\/thebridge.sk\/#organization\",\"name\":\"the Bridge\",\"url\":\"https:\/\/thebridge.sk\/\",\"logo\":{\"@type\":\"ImageObject\",\"inLanguage\":\"en-US\",\"@id\":\"https:\/\/thebridge.sk\/#\/schema\/logo\/image\/\",\"url\":\"https:\/\/thebridge.sk\/wp-content\/uploads\/2022\/09\/91983323_3231649653512263_3585232510205820928_n.png\",\"contentUrl\":\"https:\/\/thebridge.sk\/wp-content\/uploads\/2022\/09\/91983323_3231649653512263_3585232510205820928_n.png\",\"width\":800,\"height\":800,\"caption\":\"the Bridge\"},\"image\":{\"@id\":\"https:\/\/thebridge.sk\/#\/schema\/logo\/image\/\"}},{\"@type\":\"Person\",\"@id\":\"https:\/\/thebridge.sk\/#\/schema\/person\/a1bd646e6b208a6e2e521ce887cbf294\",\"name\":\"Klaudia Bedn\u00e1rov\u00e1\",\"image\":{\"@type\":\"ImageObject\",\"inLanguage\":\"en-US\",\"@id\":\"https:\/\/secure.gravatar.com\/avatar\/10d0fe9dfabdfda2298ba9ef91be1c0d5fb288bf9dbbe34e2866353f410d37ed?s=96&d=mm&r=g\",\"url\":\"https:\/\/secure.gravatar.com\/avatar\/10d0fe9dfabdfda2298ba9ef91be1c0d5fb288bf9dbbe34e2866353f410d37ed?s=96&d=mm&r=g\",\"contentUrl\":\"https:\/\/secure.gravatar.com\/avatar\/10d0fe9dfabdfda2298ba9ef91be1c0d5fb288bf9dbbe34e2866353f410d37ed?s=96&d=mm&r=g\",\"caption\":\"Klaudia Bedn\u00e1rov\u00e1\"},\"url\":\"https:\/\/thebridge.sk\/en\/author\/klaudia\/\"}]}<\/script>\n<!-- \/ Yoast SEO plugin. -->","yoast_head_json":{"title":"Alan Maley: They talk ... COP-out - The Bridge","robots":{"index":"index","follow":"follow","max-snippet":"max-snippet:-1","max-image-preview":"max-image-preview:large","max-video-preview":"max-video-preview:-1"},"canonical":"https:\/\/thebridge.sk\/en\/alan-maley-they-talk-cop-out\/","og_locale":"en_US","og_type":"article","og_title":"Alan Maley: They talk ... COP-out - The Bridge","og_description":"The world burns and they talk. The world floods and they talk. The world starves And they talk. The world dies And they talk. The icebergs melt, The glaciers shrink. The crops shrivel. The flowers wilt. And they talk. The forests expire. The sea rises. The air turns toxic \u2013 A life of crises. And &hellip; Continued","og_url":"https:\/\/thebridge.sk\/en\/alan-maley-they-talk-cop-out\/","og_site_name":"The Bridge","article_published_time":"2024-01-27T16:44:07+00:00","article_modified_time":"2024-01-31T10:18:15+00:00","og_image":[{"width":2400,"height":1260,"url":"https:\/\/thebridge.sk\/wp-content\/uploads\/2024\/01\/pst-copout-alan@2x.jpg","type":"image\/jpeg"}],"author":"Klaudia Bedn\u00e1rov\u00e1","twitter_card":"summary_large_image","twitter_misc":{"Written by":"Klaudia Bedn\u00e1rov\u00e1","Est. reading time":"1 minute"},"schema":{"@context":"https:\/\/schema.org","@graph":[{"@type":"Article","@id":"https:\/\/thebridge.sk\/en\/alan-maley-they-talk-cop-out\/#article","isPartOf":{"@id":"https:\/\/thebridge.sk\/en\/alan-maley-they-talk-cop-out\/"},"author":{"name":"Klaudia Bedn\u00e1rov\u00e1","@id":"https:\/\/thebridge.sk\/#\/schema\/person\/a1bd646e6b208a6e2e521ce887cbf294"},"headline":"Alan Maley: They talk &#8230; COP-out","datePublished":"2024-01-27T16:44:07+00:00","dateModified":"2024-01-31T10:18:15+00:00","mainEntityOfPage":{"@id":"https:\/\/thebridge.sk\/en\/alan-maley-they-talk-cop-out\/"},"wordCount":145,"commentCount":0,"publisher":{"@id":"https:\/\/thebridge.sk\/#organization"},"image":{"@id":"https:\/\/thebridge.sk\/en\/alan-maley-they-talk-cop-out\/#primaryimage"},"thumbnailUrl":"https:\/\/thebridge.sk\/wp-content\/uploads\/2024\/01\/pst-copout-alan@2x.jpg","articleSection":["Nap\u00edsali o n\u00e1s","Our teachers"],"inLanguage":"en-US","potentialAction":[{"@type":"CommentAction","name":"Comment","target":["https:\/\/thebridge.sk\/en\/alan-maley-they-talk-cop-out\/#respond"]}]},{"@type":"WebPage","@id":"https:\/\/thebridge.sk\/en\/alan-maley-they-talk-cop-out\/","url":"https:\/\/thebridge.sk\/en\/alan-maley-they-talk-cop-out\/","name":"Alan Maley: They talk ... COP-out - The Bridge","isPartOf":{"@id":"https:\/\/thebridge.sk\/#website"},"primaryImageOfPage":{"@id":"https:\/\/thebridge.sk\/en\/alan-maley-they-talk-cop-out\/#primaryimage"},"image":{"@id":"https:\/\/thebridge.sk\/en\/alan-maley-they-talk-cop-out\/#primaryimage"},"thumbnailUrl":"https:\/\/thebridge.sk\/wp-content\/uploads\/2024\/01\/pst-copout-alan@2x.jpg","datePublished":"2024-01-27T16:44:07+00:00","dateModified":"2024-01-31T10:18:15+00:00","breadcrumb":{"@id":"https:\/\/thebridge.sk\/en\/alan-maley-they-talk-cop-out\/#breadcrumb"},"inLanguage":"en-US","potentialAction":[{"@type":"ReadAction","target":["https:\/\/thebridge.sk\/en\/alan-maley-they-talk-cop-out\/"]}]},{"@type":"ImageObject","inLanguage":"en-US","@id":"https:\/\/thebridge.sk\/en\/alan-maley-they-talk-cop-out\/#primaryimage","url":"https:\/\/thebridge.sk\/wp-content\/uploads\/2024\/01\/pst-copout-alan@2x.jpg","contentUrl":"https:\/\/thebridge.sk\/wp-content\/uploads\/2024\/01\/pst-copout-alan@2x.jpg","width":2400,"height":1260},{"@type":"BreadcrumbList","@id":"https:\/\/thebridge.sk\/en\/alan-maley-they-talk-cop-out\/#breadcrumb","itemListElement":[{"@type":"ListItem","position":1,"name":"The Bridge","item":"https:\/\/thebridge.sk\/en\/"},{"@type":"ListItem","position":2,"name":"Alan Maley: They talk &#8230; COP-out"}]},{"@type":"WebSite","@id":"https:\/\/thebridge.sk\/#website","url":"https:\/\/thebridge.sk\/","name":"The Bridge","description":"","publisher":{"@id":"https:\/\/thebridge.sk\/#organization"},"potentialAction":[{"@type":"SearchAction","target":{"@type":"EntryPoint","urlTemplate":"https:\/\/thebridge.sk\/?s={search_term_string}"},"query-input":{"@type":"PropertyValueSpecification","valueRequired":true,"valueName":"search_term_string"}}],"inLanguage":"en-US"},{"@type":"Organization","@id":"https:\/\/thebridge.sk\/#organization","name":"the Bridge","url":"https:\/\/thebridge.sk\/","logo":{"@type":"ImageObject","inLanguage":"en-US","@id":"https:\/\/thebridge.sk\/#\/schema\/logo\/image\/","url":"https:\/\/thebridge.sk\/wp-content\/uploads\/2022\/09\/91983323_3231649653512263_3585232510205820928_n.png","contentUrl":"https:\/\/thebridge.sk\/wp-content\/uploads\/2022\/09\/91983323_3231649653512263_3585232510205820928_n.png","width":800,"height":800,"caption":"the Bridge"},"image":{"@id":"https:\/\/thebridge.sk\/#\/schema\/logo\/image\/"}},{"@type":"Person","@id":"https:\/\/thebridge.sk\/#\/schema\/person\/a1bd646e6b208a6e2e521ce887cbf294","name":"Klaudia Bedn\u00e1rov\u00e1","image":{"@type":"ImageObject","inLanguage":"en-US","@id":"https:\/\/secure.gravatar.com\/avatar\/10d0fe9dfabdfda2298ba9ef91be1c0d5fb288bf9dbbe34e2866353f410d37ed?s=96&d=mm&r=g","url":"https:\/\/secure.gravatar.com\/avatar\/10d0fe9dfabdfda2298ba9ef91be1c0d5fb288bf9dbbe34e2866353f410d37ed?s=96&d=mm&r=g","contentUrl":"https:\/\/secure.gravatar.com\/avatar\/10d0fe9dfabdfda2298ba9ef91be1c0d5fb288bf9dbbe34e2866353f410d37ed?s=96&d=mm&r=g","caption":"Klaudia Bedn\u00e1rov\u00e1"},"url":"https:\/\/thebridge.sk\/en\/author\/klaudia\/"}]}},"_links":{"self":[{"href":"https:\/\/thebridge.sk\/en\/wp-json\/wp\/v2\/posts\/21029","targetHints":{"allow":["GET"]}}],"collection":[{"href":"https:\/\/thebridge.sk\/en\/wp-json\/wp\/v2\/posts"}],"about":[{"href":"https:\/\/thebridge.sk\/en\/wp-json\/wp\/v2\/types\/post"}],"author":[{"embeddable":true,"href":"https:\/\/thebridge.sk\/en\/wp-json\/wp\/v2\/users\/8"}],"replies":[{"embeddable":true,"href":"https:\/\/thebridge.sk\/en\/wp-json\/wp\/v2\/comments?post=21029"}],"version-history":[{"count":4,"href":"https:\/\/thebridge.sk\/en\/wp-json\/wp\/v2\/posts\/21029\/revisions"}],"predecessor-version":[{"id":21084,"href":"https:\/\/thebridge.sk\/en\/wp-json\/wp\/v2\/posts\/21029\/revisions\/21084"}],"wp:featuredmedia":[{"embeddable":true,"href":"https:\/\/thebridge.sk\/en\/wp-json\/wp\/v2\/media\/21031"}],"wp:attachment":[{"href":"https:\/\/thebridge.sk\/en\/wp-json\/wp\/v2\/media?parent=21029"}],"wp:term":[{"taxonomy":"category","embeddable":true,"href":"https:\/\/thebridge.sk\/en\/wp-json\/wp\/v2\/categories?post=21029"},{"taxonomy":"post_tag","embeddable":true,"href":"https:\/\/thebridge.sk\/en\/wp-json\/wp\/v2\/tags?post=21029"}],"curies":[{"name":"wp","href":"https:\/\/api.w.org\/{rel}","templated":true}]}}