
{"id":17490,"date":"2023-02-14T21:17:54","date_gmt":"2023-02-14T20:17:54","guid":{"rendered":"https:\/\/thebridge.sk\/?p=17490"},"modified":"2023-02-23T11:29:39","modified_gmt":"2023-02-23T10:29:39","slug":"miguel-mendez-latino-dancer-his-latino-culture-project","status":"publish","type":"post","link":"https:\/\/thebridge.sk\/en\/miguel-mendez-latino-dancer-his-latino-culture-project\/","title":{"rendered":"Miguel M\u00e9ndez, a latino legend from Nikaragua"},"content":{"rendered":"<p>He came to Slovakia to study 37 years ago and he never left. Thanks to him, we discovered Latino culture even before it was cool. Dancer and diplomat, and sometimes both at the same time, is doing everything he can to connect the two worlds &#8211; ours and Nicaraguan. Miguel M\u00e9ndez.<\/p><p>Don\u00b4t miss on our new worksheet that is available with the podcast. We wish you pleasant moments listening to our podcast and improving your English.<\/p><figure class=\"wp-block-image size-full\"><a href=\"https:\/\/thebridge.sk\/wp-content\/uploads\/2023\/02\/TheBridge_podcast_Miguel.pdf\"><img decoding=\"async\" width=\"840\" height=\"210\" src=\"https:\/\/thebridge.sk\/wp-content\/uploads\/2022\/09\/bnr-worksheet-en-1.png\" alt=\"\" class=\"wp-image-16796\" srcset=\"https:\/\/thebridge.sk\/wp-content\/uploads\/2022\/09\/bnr-worksheet-en-1.png 840w, https:\/\/thebridge.sk\/wp-content\/uploads\/2022\/09\/bnr-worksheet-en-1-300x75.png 300w, https:\/\/thebridge.sk\/wp-content\/uploads\/2022\/09\/bnr-worksheet-en-1-768x192.png 768w, https:\/\/thebridge.sk\/wp-content\/uploads\/2022\/09\/bnr-worksheet-en-1-480x120.png 480w, https:\/\/thebridge.sk\/wp-content\/uploads\/2022\/09\/bnr-worksheet-en-1-600x150.png 600w\" sizes=\"(max-width: 840px) 100vw, 840px\" \/><\/a><\/figure><figure class=\"wp-block-embed is-type-rich is-provider-spotify wp-block-embed-spotify wp-embed-aspect-21-9 wp-has-aspect-ratio\"><div class=\"wp-block-embed__wrapper\">\n<iframe title=\"Spotify Embed: A Latino legend from Nicaragua\" style=\"border-radius: 12px\" width=\"100%\" height=\"152\" frameborder=\"0\" allowfullscreen allow=\"autoplay; clipboard-write; encrypted-media; fullscreen; picture-in-picture\" loading=\"lazy\" src=\"https:\/\/open.spotify.com\/embed\/episode\/5G4dvRfr0FyFrmcFssaPYP?utm_source=oembed\"><\/iframe>\n<\/div><figcaption class=\"wp-element-caption\"><a href=\"https:\/\/open.spotify.com\/episode\/5G4dvRfr0FyFrmcFssaPYP\" target=\"_blank\" rel=\"noreferrer noopener\">https:\/\/open.spotify.com\/episode\/5G4dvRfr0FyFrmcFssaPYP<\/a><\/figcaption><\/figure>","protected":false},"excerpt":{"rendered":"<p>He came to Slovakia to study 37 years ago and he never left. Thanks to him, we discovered Latino culture even before it was cool. Dancer and diplomat, and sometimes both at the same time, is doing everything he can to connect the two worlds &#8211; ours and Nicaraguan. Miguel M\u00e9ndez. Don\u00b4t miss on our &hellip; <a href=\"https:\/\/thebridge.sk\/en\/miguel-mendez-latino-dancer-his-latino-culture-project\/\">Continued<\/a><\/p>\n","protected":false},"author":8,"featured_media":17491,"comment_status":"open","ping_status":"open","sticky":false,"template":"","format":"standard","meta":{"_acf_changed":false,"inline_featured_image":false,"footnotes":""},"categories":[231],"tags":[],"class_list":["post-17490","post","type-post","status-publish","format-standard","has-post-thumbnail","hentry","category-podcasts"],"acf":[],"yoast_head":"<!-- This site is optimized with the Yoast SEO plugin v27.2 - https:\/\/yoast.com\/product\/yoast-seo-wordpress\/ -->\n<title>Miguel M\u00e9ndez, a latino legend from Nikaragua - The Bridge<\/title>\n<meta name=\"robots\" content=\"index, follow, max-snippet:-1, max-image-preview:large, max-video-preview:-1\" \/>\n<link rel=\"canonical\" href=\"https:\/\/thebridge.sk\/en\/miguel-mendez-latino-dancer-his-latino-culture-project\/\" \/>\n<meta property=\"og:locale\" content=\"en_US\" \/>\n<meta property=\"og:type\" content=\"article\" \/>\n<meta property=\"og:title\" content=\"Miguel M\u00e9ndez, a latino legend from Nikaragua - The Bridge\" \/>\n<meta property=\"og:description\" content=\"He came to Slovakia to study 37 years ago and he never left. Thanks to him, we discovered Latino culture even before it was cool. Dancer and diplomat, and sometimes both at the same time, is doing everything he can to connect the two worlds &#8211; ours and Nicaraguan. Miguel M\u00e9ndez. Don\u00b4t miss on our &hellip; Continued\" \/>\n<meta property=\"og:url\" content=\"https:\/\/thebridge.sk\/en\/miguel-mendez-latino-dancer-his-latino-culture-project\/\" \/>\n<meta property=\"og:site_name\" content=\"The Bridge\" \/>\n<meta property=\"article:published_time\" content=\"2023-02-14T20:17:54+00:00\" \/>\n<meta property=\"article:modified_time\" content=\"2023-02-23T10:29:39+00:00\" \/>\n<meta property=\"og:image\" content=\"https:\/\/thebridge.sk\/wp-content\/uploads\/2023\/02\/WhatsApp-Image-2023-01-17-at-17.49.47.jpeg\" \/>\n\t<meta property=\"og:image:width\" content=\"768\" \/>\n\t<meta property=\"og:image:height\" content=\"492\" \/>\n\t<meta property=\"og:image:type\" content=\"image\/jpeg\" \/>\n<meta name=\"author\" content=\"Klaudia Bedn\u00e1rov\u00e1\" \/>\n<meta name=\"twitter:card\" content=\"summary_large_image\" \/>\n<meta name=\"twitter:label1\" content=\"Written by\" \/>\n\t<meta name=\"twitter:data1\" content=\"Klaudia Bedn\u00e1rov\u00e1\" \/>\n\t<meta name=\"twitter:label2\" content=\"Est. reading time\" \/>\n\t<meta name=\"twitter:data2\" content=\"1 minute\" \/>\n<script type=\"application\/ld+json\" class=\"yoast-schema-graph\">{\"@context\":\"https:\/\/schema.org\",\"@graph\":[{\"@type\":\"Article\",\"@id\":\"https:\/\/thebridge.sk\/en\/miguel-mendez-latino-dancer-his-latino-culture-project\/#article\",\"isPartOf\":{\"@id\":\"https:\/\/thebridge.sk\/en\/miguel-mendez-latino-dancer-his-latino-culture-project\/\"},\"author\":{\"name\":\"Klaudia Bedn\u00e1rov\u00e1\",\"@id\":\"https:\/\/thebridge.sk\/#\/schema\/person\/a1bd646e6b208a6e2e521ce887cbf294\"},\"headline\":\"Miguel M\u00e9ndez, a latino legend from Nikaragua\",\"datePublished\":\"2023-02-14T20:17:54+00:00\",\"dateModified\":\"2023-02-23T10:29:39+00:00\",\"mainEntityOfPage\":{\"@id\":\"https:\/\/thebridge.sk\/en\/miguel-mendez-latino-dancer-his-latino-culture-project\/\"},\"wordCount\":101,\"commentCount\":0,\"publisher\":{\"@id\":\"https:\/\/thebridge.sk\/#organization\"},\"image\":{\"@id\":\"https:\/\/thebridge.sk\/en\/miguel-mendez-latino-dancer-his-latino-culture-project\/#primaryimage\"},\"thumbnailUrl\":\"https:\/\/thebridge.sk\/wp-content\/uploads\/2023\/02\/WhatsApp-Image-2023-01-17-at-17.49.47.jpeg\",\"articleSection\":[\"Podcast\"],\"inLanguage\":\"en-US\",\"potentialAction\":[{\"@type\":\"CommentAction\",\"name\":\"Comment\",\"target\":[\"https:\/\/thebridge.sk\/en\/miguel-mendez-latino-dancer-his-latino-culture-project\/#respond\"]}]},{\"@type\":\"WebPage\",\"@id\":\"https:\/\/thebridge.sk\/en\/miguel-mendez-latino-dancer-his-latino-culture-project\/\",\"url\":\"https:\/\/thebridge.sk\/en\/miguel-mendez-latino-dancer-his-latino-culture-project\/\",\"name\":\"Miguel M\u00e9ndez, a latino legend from Nikaragua - The Bridge\",\"isPartOf\":{\"@id\":\"https:\/\/thebridge.sk\/#website\"},\"primaryImageOfPage\":{\"@id\":\"https:\/\/thebridge.sk\/en\/miguel-mendez-latino-dancer-his-latino-culture-project\/#primaryimage\"},\"image\":{\"@id\":\"https:\/\/thebridge.sk\/en\/miguel-mendez-latino-dancer-his-latino-culture-project\/#primaryimage\"},\"thumbnailUrl\":\"https:\/\/thebridge.sk\/wp-content\/uploads\/2023\/02\/WhatsApp-Image-2023-01-17-at-17.49.47.jpeg\",\"datePublished\":\"2023-02-14T20:17:54+00:00\",\"dateModified\":\"2023-02-23T10:29:39+00:00\",\"breadcrumb\":{\"@id\":\"https:\/\/thebridge.sk\/en\/miguel-mendez-latino-dancer-his-latino-culture-project\/#breadcrumb\"},\"inLanguage\":\"en-US\",\"potentialAction\":[{\"@type\":\"ReadAction\",\"target\":[\"https:\/\/thebridge.sk\/en\/miguel-mendez-latino-dancer-his-latino-culture-project\/\"]}]},{\"@type\":\"ImageObject\",\"inLanguage\":\"en-US\",\"@id\":\"https:\/\/thebridge.sk\/en\/miguel-mendez-latino-dancer-his-latino-culture-project\/#primaryimage\",\"url\":\"https:\/\/thebridge.sk\/wp-content\/uploads\/2023\/02\/WhatsApp-Image-2023-01-17-at-17.49.47.jpeg\",\"contentUrl\":\"https:\/\/thebridge.sk\/wp-content\/uploads\/2023\/02\/WhatsApp-Image-2023-01-17-at-17.49.47.jpeg\",\"width\":768,\"height\":492},{\"@type\":\"BreadcrumbList\",\"@id\":\"https:\/\/thebridge.sk\/en\/miguel-mendez-latino-dancer-his-latino-culture-project\/#breadcrumb\",\"itemListElement\":[{\"@type\":\"ListItem\",\"position\":1,\"name\":\"The Bridge\",\"item\":\"https:\/\/thebridge.sk\/en\/\"},{\"@type\":\"ListItem\",\"position\":2,\"name\":\"Miguel M\u00e9ndez, a latino legend from Nikaragua\"}]},{\"@type\":\"WebSite\",\"@id\":\"https:\/\/thebridge.sk\/#website\",\"url\":\"https:\/\/thebridge.sk\/\",\"name\":\"The Bridge\",\"description\":\"\",\"publisher\":{\"@id\":\"https:\/\/thebridge.sk\/#organization\"},\"potentialAction\":[{\"@type\":\"SearchAction\",\"target\":{\"@type\":\"EntryPoint\",\"urlTemplate\":\"https:\/\/thebridge.sk\/?s={search_term_string}\"},\"query-input\":{\"@type\":\"PropertyValueSpecification\",\"valueRequired\":true,\"valueName\":\"search_term_string\"}}],\"inLanguage\":\"en-US\"},{\"@type\":\"Organization\",\"@id\":\"https:\/\/thebridge.sk\/#organization\",\"name\":\"the Bridge\",\"url\":\"https:\/\/thebridge.sk\/\",\"logo\":{\"@type\":\"ImageObject\",\"inLanguage\":\"en-US\",\"@id\":\"https:\/\/thebridge.sk\/#\/schema\/logo\/image\/\",\"url\":\"https:\/\/thebridge.sk\/wp-content\/uploads\/2022\/09\/91983323_3231649653512263_3585232510205820928_n.png\",\"contentUrl\":\"https:\/\/thebridge.sk\/wp-content\/uploads\/2022\/09\/91983323_3231649653512263_3585232510205820928_n.png\",\"width\":800,\"height\":800,\"caption\":\"the Bridge\"},\"image\":{\"@id\":\"https:\/\/thebridge.sk\/#\/schema\/logo\/image\/\"}},{\"@type\":\"Person\",\"@id\":\"https:\/\/thebridge.sk\/#\/schema\/person\/a1bd646e6b208a6e2e521ce887cbf294\",\"name\":\"Klaudia Bedn\u00e1rov\u00e1\",\"image\":{\"@type\":\"ImageObject\",\"inLanguage\":\"en-US\",\"@id\":\"https:\/\/secure.gravatar.com\/avatar\/10d0fe9dfabdfda2298ba9ef91be1c0d5fb288bf9dbbe34e2866353f410d37ed?s=96&d=mm&r=g\",\"url\":\"https:\/\/secure.gravatar.com\/avatar\/10d0fe9dfabdfda2298ba9ef91be1c0d5fb288bf9dbbe34e2866353f410d37ed?s=96&d=mm&r=g\",\"contentUrl\":\"https:\/\/secure.gravatar.com\/avatar\/10d0fe9dfabdfda2298ba9ef91be1c0d5fb288bf9dbbe34e2866353f410d37ed?s=96&d=mm&r=g\",\"caption\":\"Klaudia Bedn\u00e1rov\u00e1\"},\"url\":\"https:\/\/thebridge.sk\/en\/author\/klaudia\/\"}]}<\/script>\n<!-- \/ Yoast SEO plugin. -->","yoast_head_json":{"title":"Miguel M\u00e9ndez, a latino legend from Nikaragua - The Bridge","robots":{"index":"index","follow":"follow","max-snippet":"max-snippet:-1","max-image-preview":"max-image-preview:large","max-video-preview":"max-video-preview:-1"},"canonical":"https:\/\/thebridge.sk\/en\/miguel-mendez-latino-dancer-his-latino-culture-project\/","og_locale":"en_US","og_type":"article","og_title":"Miguel M\u00e9ndez, a latino legend from Nikaragua - The Bridge","og_description":"He came to Slovakia to study 37 years ago and he never left. Thanks to him, we discovered Latino culture even before it was cool. Dancer and diplomat, and sometimes both at the same time, is doing everything he can to connect the two worlds &#8211; ours and Nicaraguan. Miguel M\u00e9ndez. Don\u00b4t miss on our &hellip; Continued","og_url":"https:\/\/thebridge.sk\/en\/miguel-mendez-latino-dancer-his-latino-culture-project\/","og_site_name":"The Bridge","article_published_time":"2023-02-14T20:17:54+00:00","article_modified_time":"2023-02-23T10:29:39+00:00","og_image":[{"width":768,"height":492,"url":"https:\/\/thebridge.sk\/wp-content\/uploads\/2023\/02\/WhatsApp-Image-2023-01-17-at-17.49.47.jpeg","type":"image\/jpeg"}],"author":"Klaudia Bedn\u00e1rov\u00e1","twitter_card":"summary_large_image","twitter_misc":{"Written by":"Klaudia Bedn\u00e1rov\u00e1","Est. reading time":"1 minute"},"schema":{"@context":"https:\/\/schema.org","@graph":[{"@type":"Article","@id":"https:\/\/thebridge.sk\/en\/miguel-mendez-latino-dancer-his-latino-culture-project\/#article","isPartOf":{"@id":"https:\/\/thebridge.sk\/en\/miguel-mendez-latino-dancer-his-latino-culture-project\/"},"author":{"name":"Klaudia Bedn\u00e1rov\u00e1","@id":"https:\/\/thebridge.sk\/#\/schema\/person\/a1bd646e6b208a6e2e521ce887cbf294"},"headline":"Miguel M\u00e9ndez, a latino legend from Nikaragua","datePublished":"2023-02-14T20:17:54+00:00","dateModified":"2023-02-23T10:29:39+00:00","mainEntityOfPage":{"@id":"https:\/\/thebridge.sk\/en\/miguel-mendez-latino-dancer-his-latino-culture-project\/"},"wordCount":101,"commentCount":0,"publisher":{"@id":"https:\/\/thebridge.sk\/#organization"},"image":{"@id":"https:\/\/thebridge.sk\/en\/miguel-mendez-latino-dancer-his-latino-culture-project\/#primaryimage"},"thumbnailUrl":"https:\/\/thebridge.sk\/wp-content\/uploads\/2023\/02\/WhatsApp-Image-2023-01-17-at-17.49.47.jpeg","articleSection":["Podcast"],"inLanguage":"en-US","potentialAction":[{"@type":"CommentAction","name":"Comment","target":["https:\/\/thebridge.sk\/en\/miguel-mendez-latino-dancer-his-latino-culture-project\/#respond"]}]},{"@type":"WebPage","@id":"https:\/\/thebridge.sk\/en\/miguel-mendez-latino-dancer-his-latino-culture-project\/","url":"https:\/\/thebridge.sk\/en\/miguel-mendez-latino-dancer-his-latino-culture-project\/","name":"Miguel M\u00e9ndez, a latino legend from Nikaragua - The Bridge","isPartOf":{"@id":"https:\/\/thebridge.sk\/#website"},"primaryImageOfPage":{"@id":"https:\/\/thebridge.sk\/en\/miguel-mendez-latino-dancer-his-latino-culture-project\/#primaryimage"},"image":{"@id":"https:\/\/thebridge.sk\/en\/miguel-mendez-latino-dancer-his-latino-culture-project\/#primaryimage"},"thumbnailUrl":"https:\/\/thebridge.sk\/wp-content\/uploads\/2023\/02\/WhatsApp-Image-2023-01-17-at-17.49.47.jpeg","datePublished":"2023-02-14T20:17:54+00:00","dateModified":"2023-02-23T10:29:39+00:00","breadcrumb":{"@id":"https:\/\/thebridge.sk\/en\/miguel-mendez-latino-dancer-his-latino-culture-project\/#breadcrumb"},"inLanguage":"en-US","potentialAction":[{"@type":"ReadAction","target":["https:\/\/thebridge.sk\/en\/miguel-mendez-latino-dancer-his-latino-culture-project\/"]}]},{"@type":"ImageObject","inLanguage":"en-US","@id":"https:\/\/thebridge.sk\/en\/miguel-mendez-latino-dancer-his-latino-culture-project\/#primaryimage","url":"https:\/\/thebridge.sk\/wp-content\/uploads\/2023\/02\/WhatsApp-Image-2023-01-17-at-17.49.47.jpeg","contentUrl":"https:\/\/thebridge.sk\/wp-content\/uploads\/2023\/02\/WhatsApp-Image-2023-01-17-at-17.49.47.jpeg","width":768,"height":492},{"@type":"BreadcrumbList","@id":"https:\/\/thebridge.sk\/en\/miguel-mendez-latino-dancer-his-latino-culture-project\/#breadcrumb","itemListElement":[{"@type":"ListItem","position":1,"name":"The Bridge","item":"https:\/\/thebridge.sk\/en\/"},{"@type":"ListItem","position":2,"name":"Miguel M\u00e9ndez, a latino legend from Nikaragua"}]},{"@type":"WebSite","@id":"https:\/\/thebridge.sk\/#website","url":"https:\/\/thebridge.sk\/","name":"The Bridge","description":"","publisher":{"@id":"https:\/\/thebridge.sk\/#organization"},"potentialAction":[{"@type":"SearchAction","target":{"@type":"EntryPoint","urlTemplate":"https:\/\/thebridge.sk\/?s={search_term_string}"},"query-input":{"@type":"PropertyValueSpecification","valueRequired":true,"valueName":"search_term_string"}}],"inLanguage":"en-US"},{"@type":"Organization","@id":"https:\/\/thebridge.sk\/#organization","name":"the Bridge","url":"https:\/\/thebridge.sk\/","logo":{"@type":"ImageObject","inLanguage":"en-US","@id":"https:\/\/thebridge.sk\/#\/schema\/logo\/image\/","url":"https:\/\/thebridge.sk\/wp-content\/uploads\/2022\/09\/91983323_3231649653512263_3585232510205820928_n.png","contentUrl":"https:\/\/thebridge.sk\/wp-content\/uploads\/2022\/09\/91983323_3231649653512263_3585232510205820928_n.png","width":800,"height":800,"caption":"the Bridge"},"image":{"@id":"https:\/\/thebridge.sk\/#\/schema\/logo\/image\/"}},{"@type":"Person","@id":"https:\/\/thebridge.sk\/#\/schema\/person\/a1bd646e6b208a6e2e521ce887cbf294","name":"Klaudia Bedn\u00e1rov\u00e1","image":{"@type":"ImageObject","inLanguage":"en-US","@id":"https:\/\/secure.gravatar.com\/avatar\/10d0fe9dfabdfda2298ba9ef91be1c0d5fb288bf9dbbe34e2866353f410d37ed?s=96&d=mm&r=g","url":"https:\/\/secure.gravatar.com\/avatar\/10d0fe9dfabdfda2298ba9ef91be1c0d5fb288bf9dbbe34e2866353f410d37ed?s=96&d=mm&r=g","contentUrl":"https:\/\/secure.gravatar.com\/avatar\/10d0fe9dfabdfda2298ba9ef91be1c0d5fb288bf9dbbe34e2866353f410d37ed?s=96&d=mm&r=g","caption":"Klaudia Bedn\u00e1rov\u00e1"},"url":"https:\/\/thebridge.sk\/en\/author\/klaudia\/"}]}},"_links":{"self":[{"href":"https:\/\/thebridge.sk\/en\/wp-json\/wp\/v2\/posts\/17490","targetHints":{"allow":["GET"]}}],"collection":[{"href":"https:\/\/thebridge.sk\/en\/wp-json\/wp\/v2\/posts"}],"about":[{"href":"https:\/\/thebridge.sk\/en\/wp-json\/wp\/v2\/types\/post"}],"author":[{"embeddable":true,"href":"https:\/\/thebridge.sk\/en\/wp-json\/wp\/v2\/users\/8"}],"replies":[{"embeddable":true,"href":"https:\/\/thebridge.sk\/en\/wp-json\/wp\/v2\/comments?post=17490"}],"version-history":[{"count":0,"href":"https:\/\/thebridge.sk\/en\/wp-json\/wp\/v2\/posts\/17490\/revisions"}],"wp:featuredmedia":[{"embeddable":true,"href":"https:\/\/thebridge.sk\/en\/wp-json\/wp\/v2\/media\/17491"}],"wp:attachment":[{"href":"https:\/\/thebridge.sk\/en\/wp-json\/wp\/v2\/media?parent=17490"}],"wp:term":[{"taxonomy":"category","embeddable":true,"href":"https:\/\/thebridge.sk\/en\/wp-json\/wp\/v2\/categories?post=17490"},{"taxonomy":"post_tag","embeddable":true,"href":"https:\/\/thebridge.sk\/en\/wp-json\/wp\/v2\/tags?post=17490"}],"curies":[{"name":"wp","href":"https:\/\/api.w.org\/{rel}","templated":true}]}}